{"id":3801,"date":"2015-02-13T03:59:27","date_gmt":"2015-02-13T03:59:27","guid":{"rendered":"http:\/\/www.etoilesportivemontoise.fr\/salsanueva\/?p=3801"},"modified":"2024-03-24T17:31:18","modified_gmt":"2024-03-24T17:31:18","slug":"ouverture-de-la-salle-de-danse-durant-les-vacances-scolaires","status":"publish","type":"post","link":"https:\/\/www.etoilesportivemontoise.fr\/salsanueva\/2015\/02\/13\/ouverture-de-la-salle-de-danse-durant-les-vacances-scolaires\/","title":{"rendered":"Ouverture de la salle de danse durant les vacances scolaires"},"content":{"rendered":"<p>Pour vous permettre de pratiquer, la salle de danse rue Maubec (parking Dulamon), sera ouverte durant les vacances scolaires, \u00e0 partir de 19h30, les mardis 17 et 24 mars.<\/p>\n<p><strong>R\u00e9serv\u00e9 aux adh\u00e9rents<\/strong><\/p>\n","protected":false},"excerpt":{"rendered":"<p>Pour vous permettre de pratiquer, la salle de danse rue Maubec (parking Dulamon), sera ouverte durant les vacances scolaires, \u00e0 partir de 19h30, les mardis 17 et 24 mars. R\u00e9serv\u00e9 aux adh\u00e9rents<\/p>\n","protected":false},"author":26,"featured_media":0,"comment_status":"closed","ping_status":"closed","sticky":false,"template":"","format":"standard","meta":{"footnotes":""},"categories":[3,37],"tags":[],"class_list":["post-3801","post","type-post","status-publish","format-standard","hentry","category-actualites","category-pratica"],"yoast_head":"<!-- This site is optimized with the Yoast SEO plugin v27.3 - https:\/\/yoast.com\/product\/yoast-seo-wordpress\/ -->\n<title>Ouverture de la salle de danse durant les vacances scolaires - ESM Salsanueva<\/title>\n<meta name=\"robots\" content=\"index, follow, max-snippet:-1, max-image-preview:large, max-video-preview:-1\" \/>\n<link rel=\"canonical\" href=\"https:\/\/www.etoilesportivemontoise.fr\/salsanueva\/2015\/02\/13\/ouverture-de-la-salle-de-danse-durant-les-vacances-scolaires\/\" \/>\n<meta property=\"og:locale\" content=\"fr_FR\" \/>\n<meta property=\"og:type\" content=\"article\" \/>\n<meta property=\"og:title\" content=\"Ouverture de la salle de danse durant les vacances scolaires - ESM Salsanueva\" \/>\n<meta property=\"og:description\" content=\"Pour vous permettre de pratiquer, la salle de danse rue Maubec (parking Dulamon), sera ouverte durant les vacances scolaires, \u00e0 partir de 19h30, les mardis 17 et 24 mars. R\u00e9serv\u00e9 aux adh\u00e9rents\" \/>\n<meta property=\"og:url\" content=\"https:\/\/www.etoilesportivemontoise.fr\/salsanueva\/2015\/02\/13\/ouverture-de-la-salle-de-danse-durant-les-vacances-scolaires\/\" \/>\n<meta property=\"og:site_name\" content=\"ESM Salsanueva\" \/>\n<meta property=\"article:published_time\" content=\"2015-02-13T03:59:27+00:00\" \/>\n<meta property=\"article:modified_time\" content=\"2024-03-24T17:31:18+00:00\" \/>\n<meta name=\"author\" content=\"Etoile Sportive Montoise\" \/>\n<meta name=\"twitter:label1\" content=\"\u00c9crit par\" \/>\n\t<meta name=\"twitter:data1\" content=\"Etoile Sportive Montoise\" \/>\n<script type=\"application\/ld+json\" class=\"yoast-schema-graph\">{\"@context\":\"https:\\\/\\\/schema.org\",\"@graph\":[{\"@type\":\"Article\",\"@id\":\"https:\\\/\\\/www.etoilesportivemontoise.fr\\\/salsanueva\\\/2015\\\/02\\\/13\\\/ouverture-de-la-salle-de-danse-durant-les-vacances-scolaires\\\/#article\",\"isPartOf\":{\"@id\":\"https:\\\/\\\/www.etoilesportivemontoise.fr\\\/salsanueva\\\/2015\\\/02\\\/13\\\/ouverture-de-la-salle-de-danse-durant-les-vacances-scolaires\\\/\"},\"author\":{\"name\":\"Etoile Sportive Montoise\",\"@id\":\"https:\\\/\\\/www.etoilesportivemontoise.fr\\\/salsanueva\\\/#\\\/schema\\\/person\\\/086018f55be7afba6497239267808ac7\"},\"headline\":\"Ouverture de la salle de danse durant les vacances scolaires\",\"datePublished\":\"2015-02-13T03:59:27+00:00\",\"dateModified\":\"2024-03-24T17:31:18+00:00\",\"mainEntityOfPage\":{\"@id\":\"https:\\\/\\\/www.etoilesportivemontoise.fr\\\/salsanueva\\\/2015\\\/02\\\/13\\\/ouverture-de-la-salle-de-danse-durant-les-vacances-scolaires\\\/\"},\"wordCount\":41,\"articleSection\":[\"Actualit\u00e9s\",\"Pratica\"],\"inLanguage\":\"fr-FR\"},{\"@type\":\"WebPage\",\"@id\":\"https:\\\/\\\/www.etoilesportivemontoise.fr\\\/salsanueva\\\/2015\\\/02\\\/13\\\/ouverture-de-la-salle-de-danse-durant-les-vacances-scolaires\\\/\",\"url\":\"https:\\\/\\\/www.etoilesportivemontoise.fr\\\/salsanueva\\\/2015\\\/02\\\/13\\\/ouverture-de-la-salle-de-danse-durant-les-vacances-scolaires\\\/\",\"name\":\"Ouverture de la salle de danse durant les vacances scolaires - ESM Salsanueva\",\"isPartOf\":{\"@id\":\"https:\\\/\\\/www.etoilesportivemontoise.fr\\\/salsanueva\\\/#website\"},\"datePublished\":\"2015-02-13T03:59:27+00:00\",\"dateModified\":\"2024-03-24T17:31:18+00:00\",\"author\":{\"@id\":\"https:\\\/\\\/www.etoilesportivemontoise.fr\\\/salsanueva\\\/#\\\/schema\\\/person\\\/086018f55be7afba6497239267808ac7\"},\"breadcrumb\":{\"@id\":\"https:\\\/\\\/www.etoilesportivemontoise.fr\\\/salsanueva\\\/2015\\\/02\\\/13\\\/ouverture-de-la-salle-de-danse-durant-les-vacances-scolaires\\\/#breadcrumb\"},\"inLanguage\":\"fr-FR\",\"potentialAction\":[{\"@type\":\"ReadAction\",\"target\":[\"https:\\\/\\\/www.etoilesportivemontoise.fr\\\/salsanueva\\\/2015\\\/02\\\/13\\\/ouverture-de-la-salle-de-danse-durant-les-vacances-scolaires\\\/\"]}]},{\"@type\":\"BreadcrumbList\",\"@id\":\"https:\\\/\\\/www.etoilesportivemontoise.fr\\\/salsanueva\\\/2015\\\/02\\\/13\\\/ouverture-de-la-salle-de-danse-durant-les-vacances-scolaires\\\/#breadcrumb\",\"itemListElement\":[{\"@type\":\"ListItem\",\"position\":1,\"name\":\"Accueil\",\"item\":\"https:\\\/\\\/www.etoilesportivemontoise.fr\\\/salsanueva\\\/\"},{\"@type\":\"ListItem\",\"position\":2,\"name\":\"Ouverture de la salle de danse durant les vacances scolaires\"}]},{\"@type\":\"WebSite\",\"@id\":\"https:\\\/\\\/www.etoilesportivemontoise.fr\\\/salsanueva\\\/#website\",\"url\":\"https:\\\/\\\/www.etoilesportivemontoise.fr\\\/salsanueva\\\/\",\"name\":\"ESM Salsanueva\",\"description\":\"Salsa, Bachata, Kizomba Mont de Marsan\",\"potentialAction\":[{\"@type\":\"SearchAction\",\"target\":{\"@type\":\"EntryPoint\",\"urlTemplate\":\"https:\\\/\\\/www.etoilesportivemontoise.fr\\\/salsanueva\\\/?s={search_term_string}\"},\"query-input\":{\"@type\":\"PropertyValueSpecification\",\"valueRequired\":true,\"valueName\":\"search_term_string\"}}],\"inLanguage\":\"fr-FR\"},{\"@type\":\"Person\",\"@id\":\"https:\\\/\\\/www.etoilesportivemontoise.fr\\\/salsanueva\\\/#\\\/schema\\\/person\\\/086018f55be7afba6497239267808ac7\",\"name\":\"Etoile Sportive Montoise\",\"image\":{\"@type\":\"ImageObject\",\"inLanguage\":\"fr-FR\",\"@id\":\"https:\\\/\\\/secure.gravatar.com\\\/avatar\\\/d8bc9e65811140f45b582330fd33b5b51b3271be8ec53b6731b9baa947fd2274?s=96&d=mm&r=g\",\"url\":\"https:\\\/\\\/secure.gravatar.com\\\/avatar\\\/d8bc9e65811140f45b582330fd33b5b51b3271be8ec53b6731b9baa947fd2274?s=96&d=mm&r=g\",\"contentUrl\":\"https:\\\/\\\/secure.gravatar.com\\\/avatar\\\/d8bc9e65811140f45b582330fd33b5b51b3271be8ec53b6731b9baa947fd2274?s=96&d=mm&r=g\",\"caption\":\"Etoile Sportive Montoise\"},\"url\":\"https:\\\/\\\/www.etoilesportivemontoise.fr\\\/salsanueva\\\/aka\\\/f187ac93935e960922bc7af0b852b8ae6fd33f67\\\/\"}]}<\/script>\n<!-- \/ Yoast SEO plugin. -->","yoast_head_json":{"title":"Ouverture de la salle de danse durant les vacances scolaires - ESM Salsanueva","robots":{"index":"index","follow":"follow","max-snippet":"max-snippet:-1","max-image-preview":"max-image-preview:large","max-video-preview":"max-video-preview:-1"},"canonical":"https:\/\/www.etoilesportivemontoise.fr\/salsanueva\/2015\/02\/13\/ouverture-de-la-salle-de-danse-durant-les-vacances-scolaires\/","og_locale":"fr_FR","og_type":"article","og_title":"Ouverture de la salle de danse durant les vacances scolaires - ESM Salsanueva","og_description":"Pour vous permettre de pratiquer, la salle de danse rue Maubec (parking Dulamon), sera ouverte durant les vacances scolaires, \u00e0 partir de 19h30, les mardis 17 et 24 mars. R\u00e9serv\u00e9 aux adh\u00e9rents","og_url":"https:\/\/www.etoilesportivemontoise.fr\/salsanueva\/2015\/02\/13\/ouverture-de-la-salle-de-danse-durant-les-vacances-scolaires\/","og_site_name":"ESM Salsanueva","article_published_time":"2015-02-13T03:59:27+00:00","article_modified_time":"2024-03-24T17:31:18+00:00","author":"Etoile Sportive Montoise","twitter_misc":{"\u00c9crit par":"Etoile Sportive Montoise"},"schema":{"@context":"https:\/\/schema.org","@graph":[{"@type":"Article","@id":"https:\/\/www.etoilesportivemontoise.fr\/salsanueva\/2015\/02\/13\/ouverture-de-la-salle-de-danse-durant-les-vacances-scolaires\/#article","isPartOf":{"@id":"https:\/\/www.etoilesportivemontoise.fr\/salsanueva\/2015\/02\/13\/ouverture-de-la-salle-de-danse-durant-les-vacances-scolaires\/"},"author":{"name":"Etoile Sportive Montoise","@id":"https:\/\/www.etoilesportivemontoise.fr\/salsanueva\/#\/schema\/person\/086018f55be7afba6497239267808ac7"},"headline":"Ouverture de la salle de danse durant les vacances scolaires","datePublished":"2015-02-13T03:59:27+00:00","dateModified":"2024-03-24T17:31:18+00:00","mainEntityOfPage":{"@id":"https:\/\/www.etoilesportivemontoise.fr\/salsanueva\/2015\/02\/13\/ouverture-de-la-salle-de-danse-durant-les-vacances-scolaires\/"},"wordCount":41,"articleSection":["Actualit\u00e9s","Pratica"],"inLanguage":"fr-FR"},{"@type":"WebPage","@id":"https:\/\/www.etoilesportivemontoise.fr\/salsanueva\/2015\/02\/13\/ouverture-de-la-salle-de-danse-durant-les-vacances-scolaires\/","url":"https:\/\/www.etoilesportivemontoise.fr\/salsanueva\/2015\/02\/13\/ouverture-de-la-salle-de-danse-durant-les-vacances-scolaires\/","name":"Ouverture de la salle de danse durant les vacances scolaires - ESM Salsanueva","isPartOf":{"@id":"https:\/\/www.etoilesportivemontoise.fr\/salsanueva\/#website"},"datePublished":"2015-02-13T03:59:27+00:00","dateModified":"2024-03-24T17:31:18+00:00","author":{"@id":"https:\/\/www.etoilesportivemontoise.fr\/salsanueva\/#\/schema\/person\/086018f55be7afba6497239267808ac7"},"breadcrumb":{"@id":"https:\/\/www.etoilesportivemontoise.fr\/salsanueva\/2015\/02\/13\/ouverture-de-la-salle-de-danse-durant-les-vacances-scolaires\/#breadcrumb"},"inLanguage":"fr-FR","potentialAction":[{"@type":"ReadAction","target":["https:\/\/www.etoilesportivemontoise.fr\/salsanueva\/2015\/02\/13\/ouverture-de-la-salle-de-danse-durant-les-vacances-scolaires\/"]}]},{"@type":"BreadcrumbList","@id":"https:\/\/www.etoilesportivemontoise.fr\/salsanueva\/2015\/02\/13\/ouverture-de-la-salle-de-danse-durant-les-vacances-scolaires\/#breadcrumb","itemListElement":[{"@type":"ListItem","position":1,"name":"Accueil","item":"https:\/\/www.etoilesportivemontoise.fr\/salsanueva\/"},{"@type":"ListItem","position":2,"name":"Ouverture de la salle de danse durant les vacances scolaires"}]},{"@type":"WebSite","@id":"https:\/\/www.etoilesportivemontoise.fr\/salsanueva\/#website","url":"https:\/\/www.etoilesportivemontoise.fr\/salsanueva\/","name":"ESM Salsanueva","description":"Salsa, Bachata, Kizomba Mont de Marsan","potentialAction":[{"@type":"SearchAction","target":{"@type":"EntryPoint","urlTemplate":"https:\/\/www.etoilesportivemontoise.fr\/salsanueva\/?s={search_term_string}"},"query-input":{"@type":"PropertyValueSpecification","valueRequired":true,"valueName":"search_term_string"}}],"inLanguage":"fr-FR"},{"@type":"Person","@id":"https:\/\/www.etoilesportivemontoise.fr\/salsanueva\/#\/schema\/person\/086018f55be7afba6497239267808ac7","name":"Etoile Sportive Montoise","image":{"@type":"ImageObject","inLanguage":"fr-FR","@id":"https:\/\/secure.gravatar.com\/avatar\/d8bc9e65811140f45b582330fd33b5b51b3271be8ec53b6731b9baa947fd2274?s=96&d=mm&r=g","url":"https:\/\/secure.gravatar.com\/avatar\/d8bc9e65811140f45b582330fd33b5b51b3271be8ec53b6731b9baa947fd2274?s=96&d=mm&r=g","contentUrl":"https:\/\/secure.gravatar.com\/avatar\/d8bc9e65811140f45b582330fd33b5b51b3271be8ec53b6731b9baa947fd2274?s=96&d=mm&r=g","caption":"Etoile Sportive Montoise"},"url":"https:\/\/www.etoilesportivemontoise.fr\/salsanueva\/aka\/f187ac93935e960922bc7af0b852b8ae6fd33f67\/"}]}},"_links":{"self":[{"href":"https:\/\/www.etoilesportivemontoise.fr\/salsanueva\/wp-json\/wp\/v2\/posts\/3801","targetHints":{"allow":["GET"]}}],"collection":[{"href":"https:\/\/www.etoilesportivemontoise.fr\/salsanueva\/wp-json\/wp\/v2\/posts"}],"about":[{"href":"https:\/\/www.etoilesportivemontoise.fr\/salsanueva\/wp-json\/wp\/v2\/types\/post"}],"author":[{"embeddable":true,"href":"https:\/\/www.etoilesportivemontoise.fr\/salsanueva\/wp-json\/wp\/v2\/users\/26"}],"replies":[{"embeddable":true,"href":"https:\/\/www.etoilesportivemontoise.fr\/salsanueva\/wp-json\/wp\/v2\/comments?post=3801"}],"version-history":[{"count":3,"href":"https:\/\/www.etoilesportivemontoise.fr\/salsanueva\/wp-json\/wp\/v2\/posts\/3801\/revisions"}],"predecessor-version":[{"id":3830,"href":"https:\/\/www.etoilesportivemontoise.fr\/salsanueva\/wp-json\/wp\/v2\/posts\/3801\/revisions\/3830"}],"wp:attachment":[{"href":"https:\/\/www.etoilesportivemontoise.fr\/salsanueva\/wp-json\/wp\/v2\/media?parent=3801"}],"wp:term":[{"taxonomy":"category","embeddable":true,"href":"https:\/\/www.etoilesportivemontoise.fr\/salsanueva\/wp-json\/wp\/v2\/categories?post=3801"},{"taxonomy":"post_tag","embeddable":true,"href":"https:\/\/www.etoilesportivemontoise.fr\/salsanueva\/wp-json\/wp\/v2\/tags?post=3801"}],"curies":[{"name":"wp","href":"https:\/\/api.w.org\/{rel}","templated":true}]}}