{"id":4235,"date":"2015-03-08T17:27:07","date_gmt":"2015-03-08T17:27:07","guid":{"rendered":"http:\/\/www.etoilesportivemontoise.fr\/salsanueva\/?p=4235"},"modified":"2024-03-24T17:31:11","modified_gmt":"2024-03-24T17:31:11","slug":"samedi-14-mars-stages-et-soirees-a-la-trenta-y-dauch","status":"publish","type":"post","link":"https:\/\/www.etoilesportivemontoise.fr\/salsanueva\/2015\/03\/08\/samedi-14-mars-stages-et-soirees-a-la-trenta-y-dauch\/","title":{"rendered":"Samedi 14 mars 2015 : Stages et soir\u00e9es \u00e0 la Trenta y d&rsquo;Auch"},"content":{"rendered":"<p><span class=\"fsl\">Hol\u00e0 salseros y salseras !<br \/>\nComme chaque ann\u00e9e, LaTrentayd&rsquo;Auch vous propose son grand week-end de stages et une soir\u00e9e \u00e0 la salle des Cordeliers \u00e0 AUCH, les samedi 14 &amp; dimanche 15 mars.<\/span><\/p>\n<p>Pour les STAGES, nous aurons la chance d&rsquo;accueillir 2 magnifiques professeurs pour qui la danse est plac\u00e9e sous le signe du rythme et du sourire : Isaac BATIONON et Jean-Denis LAKANE !!!<br \/>\n&#8211; Isaac BATIONON (Toulouse) : enseignant passionn\u00e9 reconnu pour son sens musical et ses jeux de piedssss, Isaac vous proposera d&rsquo;aborder les stages en mettant l&rsquo;accent sur les notions rythmiques et festives !<br \/>\n&#8211; Jean-Denis LAKANE (Pau) : son but est de vous permettre d&rsquo;exprimer votre danse comme vous le souhaitez, pour lui la danse c&rsquo;est de la <span class=\"text_exposed_show\">technique, mais surtout du plaisir sur la piste ! Il anime la troupe de danse de \u00ab\u00a0SANGRE NUEVA\u00a0\u00bb, dont la devise est \u00ab\u00a0le partage dans la bonne humeur\u00a0\u00bb !<\/span><\/p>\n<p>Le programme :<br \/>\n* le samedi 14 mars :<br \/>\n&#8211; de 10h \u00e0 11h15 : bachata initiation (avec Jean-Denis)<br \/>\n&#8211; de 11h30 \u00e0 12h45 : bachata \u00e9volutive (avec Jean-Denis)<br \/>\n&#8211; de 14h15 \u00e0 15h30 : \u00e9coute musicale (avec Isaac)<br \/>\n&#8211; de 15h45 \u00e0 17h : chacha-mambo (avec Isaac)<br \/>\n&#8211; de 17h15 \u00e0 18h30 : reggaeton (avec Jean-Denis)<br \/>\n* le dimanche 15 mars :<br \/>\n&#8211; de 14h15 \u00e0 15h30 : son (avec Isaac)<br \/>\n&#8211; de 15h45 \u00e0 17h : suelta (avec Isaac)<\/p>\n<p>Les tarifs :<br \/>\n&#8211; adh\u00e9rents : 1h15\/10\u20ac &#8211; 2h30\/18\u20ac, 3h45\/25,5\u20ac&#8230;..<br \/>\n&#8211; non adh\u00e9rents : 1h15\/12,5\u20ac &#8211; 2h30\/22\u20ac, 3h45\/29,5\u20ac&#8230;..<\/p>\n<p>Pour les stages, inscription obligatoire au 06-87-02-60-71 ou sur trentaydauch@yahoo.fr<\/p>\n<p>Pour la SOIR\u00c9E, nous accueillerons, pour la premi\u00e8re fois \u00e0 Auch, Dj AxelCubadicto (Toulouse) !!! Et pour lui tenir compagnie, Mister T. !!! Ils vont mettre le feu au parquet de la salle des Cordeliers !<br \/>\nBeaucoup de salsaaaa, mais aussi de la bachata, saupoudr\u00e9e de kizomba, tous les ingr\u00e9dients seront r\u00e9unis pour notre \u00ab\u00a0Festival Best&rsquo;Auch\u00a0\u00bb !!!<br \/>\nD\u00e9but des festivit\u00e9s \u00e0 21h30 !<br \/>\nTarifs : adh\u00e9rents, stagiaires et Collectif Salsa 5\u20ac &#8211; autres 6\u20ac<br \/>\nComme d&rsquo;habitude, les boissons \u00ab\u00a0soft\u00a0\u00bb vous seront offertes !<\/p>\n<p>Venez nombreux, toute l&rsquo;\u00e9quipe de LaTrentayd&rsquo;Auch vous attend !!!<\/p>\n","protected":false},"excerpt":{"rendered":"<p>Hol\u00e0 salseros y salseras ! Comme chaque ann\u00e9e, LaTrentayd&rsquo;Auch vous propose son grand week-end de stages et une soir\u00e9e \u00e0 la salle des Cordeliers \u00e0 AUCH, les samedi 14 &amp; dimanche 15 mars. Pour les STAGES, nous aurons la chance d&rsquo;accueillir 2 magnifiques professeurs pour&#8230;<\/p>\n","protected":false},"author":26,"featured_media":4236,"comment_status":"closed","ping_status":"closed","sticky":false,"template":"","format":"standard","meta":{"footnotes":""},"categories":[3,34],"tags":[],"class_list":["post-4235","post","type-post","status-publish","format-standard","has-post-thumbnail","hentry","category-actualites","category-evenements-exterieurs"],"yoast_head":"<!-- This site is optimized with the Yoast SEO plugin v27.3 - https:\/\/yoast.com\/product\/yoast-seo-wordpress\/ -->\n<title>Samedi 14 mars 2015 : Stages et soir\u00e9es \u00e0 la Trenta y d&#039;Auch - ESM Salsanueva<\/title>\n<meta name=\"robots\" content=\"index, follow, max-snippet:-1, max-image-preview:large, max-video-preview:-1\" \/>\n<link rel=\"canonical\" href=\"https:\/\/www.etoilesportivemontoise.fr\/salsanueva\/2015\/03\/08\/samedi-14-mars-stages-et-soirees-a-la-trenta-y-dauch\/\" \/>\n<meta property=\"og:locale\" content=\"fr_FR\" \/>\n<meta property=\"og:type\" content=\"article\" \/>\n<meta property=\"og:title\" content=\"Samedi 14 mars 2015 : Stages et soir\u00e9es \u00e0 la Trenta y d&#039;Auch - ESM Salsanueva\" \/>\n<meta property=\"og:description\" content=\"Hol\u00e0 salseros y salseras ! Comme chaque ann\u00e9e, LaTrentayd&rsquo;Auch vous propose son grand week-end de stages et une soir\u00e9e \u00e0 la salle des Cordeliers \u00e0 AUCH, les samedi 14 &amp; dimanche 15 mars. Pour les STAGES, nous aurons la chance d&rsquo;accueillir 2 magnifiques professeurs pour...\" \/>\n<meta property=\"og:url\" content=\"https:\/\/www.etoilesportivemontoise.fr\/salsanueva\/2015\/03\/08\/samedi-14-mars-stages-et-soirees-a-la-trenta-y-dauch\/\" \/>\n<meta property=\"og:site_name\" content=\"ESM Salsanueva\" \/>\n<meta property=\"article:published_time\" content=\"2015-03-08T17:27:07+00:00\" \/>\n<meta property=\"article:modified_time\" content=\"2024-03-24T17:31:11+00:00\" \/>\n<meta property=\"og:image\" content=\"https:\/\/www.etoilesportivemontoise.fr\/content\/uploads\/sites\/8\/2015\/03\/10959587_680578985384212_8625833539550419515_n.jpg\" \/>\n\t<meta property=\"og:image:width\" content=\"559\" \/>\n\t<meta property=\"og:image:height\" content=\"794\" \/>\n\t<meta property=\"og:image:type\" content=\"image\/jpeg\" \/>\n<meta name=\"author\" content=\"Etoile Sportive Montoise\" \/>\n<meta name=\"twitter:label1\" content=\"\u00c9crit par\" \/>\n\t<meta name=\"twitter:data1\" content=\"Etoile Sportive Montoise\" \/>\n\t<meta name=\"twitter:label2\" content=\"Dur\u00e9e de lecture estim\u00e9e\" \/>\n\t<meta name=\"twitter:data2\" content=\"2 minutes\" \/>\n<script type=\"application\/ld+json\" class=\"yoast-schema-graph\">{\"@context\":\"https:\\\/\\\/schema.org\",\"@graph\":[{\"@type\":\"Article\",\"@id\":\"https:\\\/\\\/www.etoilesportivemontoise.fr\\\/salsanueva\\\/2015\\\/03\\\/08\\\/samedi-14-mars-stages-et-soirees-a-la-trenta-y-dauch\\\/#article\",\"isPartOf\":{\"@id\":\"https:\\\/\\\/www.etoilesportivemontoise.fr\\\/salsanueva\\\/2015\\\/03\\\/08\\\/samedi-14-mars-stages-et-soirees-a-la-trenta-y-dauch\\\/\"},\"author\":{\"name\":\"Etoile Sportive Montoise\",\"@id\":\"https:\\\/\\\/www.etoilesportivemontoise.fr\\\/salsanueva\\\/#\\\/schema\\\/person\\\/086018f55be7afba6497239267808ac7\"},\"headline\":\"Samedi 14 mars 2015 : Stages et soir\u00e9es \u00e0 la Trenta y d&rsquo;Auch\",\"datePublished\":\"2015-03-08T17:27:07+00:00\",\"dateModified\":\"2024-03-24T17:31:11+00:00\",\"mainEntityOfPage\":{\"@id\":\"https:\\\/\\\/www.etoilesportivemontoise.fr\\\/salsanueva\\\/2015\\\/03\\\/08\\\/samedi-14-mars-stages-et-soirees-a-la-trenta-y-dauch\\\/\"},\"wordCount\":343,\"image\":{\"@id\":\"https:\\\/\\\/www.etoilesportivemontoise.fr\\\/salsanueva\\\/2015\\\/03\\\/08\\\/samedi-14-mars-stages-et-soirees-a-la-trenta-y-dauch\\\/#primaryimage\"},\"thumbnailUrl\":\"https:\\\/\\\/www.etoilesportivemontoise.fr\\\/content\\\/uploads\\\/sites\\\/8\\\/2015\\\/03\\\/10959587_680578985384212_8625833539550419515_n.jpg\",\"articleSection\":[\"Actualit\u00e9s\",\"Ev\u00e8nements ext\u00e9rieurs\"],\"inLanguage\":\"fr-FR\"},{\"@type\":\"WebPage\",\"@id\":\"https:\\\/\\\/www.etoilesportivemontoise.fr\\\/salsanueva\\\/2015\\\/03\\\/08\\\/samedi-14-mars-stages-et-soirees-a-la-trenta-y-dauch\\\/\",\"url\":\"https:\\\/\\\/www.etoilesportivemontoise.fr\\\/salsanueva\\\/2015\\\/03\\\/08\\\/samedi-14-mars-stages-et-soirees-a-la-trenta-y-dauch\\\/\",\"name\":\"Samedi 14 mars 2015 : Stages et soir\u00e9es \u00e0 la Trenta y d'Auch - ESM Salsanueva\",\"isPartOf\":{\"@id\":\"https:\\\/\\\/www.etoilesportivemontoise.fr\\\/salsanueva\\\/#website\"},\"primaryImageOfPage\":{\"@id\":\"https:\\\/\\\/www.etoilesportivemontoise.fr\\\/salsanueva\\\/2015\\\/03\\\/08\\\/samedi-14-mars-stages-et-soirees-a-la-trenta-y-dauch\\\/#primaryimage\"},\"image\":{\"@id\":\"https:\\\/\\\/www.etoilesportivemontoise.fr\\\/salsanueva\\\/2015\\\/03\\\/08\\\/samedi-14-mars-stages-et-soirees-a-la-trenta-y-dauch\\\/#primaryimage\"},\"thumbnailUrl\":\"https:\\\/\\\/www.etoilesportivemontoise.fr\\\/content\\\/uploads\\\/sites\\\/8\\\/2015\\\/03\\\/10959587_680578985384212_8625833539550419515_n.jpg\",\"datePublished\":\"2015-03-08T17:27:07+00:00\",\"dateModified\":\"2024-03-24T17:31:11+00:00\",\"author\":{\"@id\":\"https:\\\/\\\/www.etoilesportivemontoise.fr\\\/salsanueva\\\/#\\\/schema\\\/person\\\/086018f55be7afba6497239267808ac7\"},\"breadcrumb\":{\"@id\":\"https:\\\/\\\/www.etoilesportivemontoise.fr\\\/salsanueva\\\/2015\\\/03\\\/08\\\/samedi-14-mars-stages-et-soirees-a-la-trenta-y-dauch\\\/#breadcrumb\"},\"inLanguage\":\"fr-FR\",\"potentialAction\":[{\"@type\":\"ReadAction\",\"target\":[\"https:\\\/\\\/www.etoilesportivemontoise.fr\\\/salsanueva\\\/2015\\\/03\\\/08\\\/samedi-14-mars-stages-et-soirees-a-la-trenta-y-dauch\\\/\"]}]},{\"@type\":\"ImageObject\",\"inLanguage\":\"fr-FR\",\"@id\":\"https:\\\/\\\/www.etoilesportivemontoise.fr\\\/salsanueva\\\/2015\\\/03\\\/08\\\/samedi-14-mars-stages-et-soirees-a-la-trenta-y-dauch\\\/#primaryimage\",\"url\":\"https:\\\/\\\/www.etoilesportivemontoise.fr\\\/content\\\/uploads\\\/sites\\\/8\\\/2015\\\/03\\\/10959587_680578985384212_8625833539550419515_n.jpg\",\"contentUrl\":\"https:\\\/\\\/www.etoilesportivemontoise.fr\\\/content\\\/uploads\\\/sites\\\/8\\\/2015\\\/03\\\/10959587_680578985384212_8625833539550419515_n.jpg\",\"width\":559,\"height\":794},{\"@type\":\"BreadcrumbList\",\"@id\":\"https:\\\/\\\/www.etoilesportivemontoise.fr\\\/salsanueva\\\/2015\\\/03\\\/08\\\/samedi-14-mars-stages-et-soirees-a-la-trenta-y-dauch\\\/#breadcrumb\",\"itemListElement\":[{\"@type\":\"ListItem\",\"position\":1,\"name\":\"Accueil\",\"item\":\"https:\\\/\\\/www.etoilesportivemontoise.fr\\\/salsanueva\\\/\"},{\"@type\":\"ListItem\",\"position\":2,\"name\":\"Samedi 14 mars 2015 : Stages et soir\u00e9es \u00e0 la Trenta y d&rsquo;Auch\"}]},{\"@type\":\"WebSite\",\"@id\":\"https:\\\/\\\/www.etoilesportivemontoise.fr\\\/salsanueva\\\/#website\",\"url\":\"https:\\\/\\\/www.etoilesportivemontoise.fr\\\/salsanueva\\\/\",\"name\":\"ESM Salsanueva\",\"description\":\"Salsa, Bachata, Kizomba Mont de Marsan\",\"potentialAction\":[{\"@type\":\"SearchAction\",\"target\":{\"@type\":\"EntryPoint\",\"urlTemplate\":\"https:\\\/\\\/www.etoilesportivemontoise.fr\\\/salsanueva\\\/?s={search_term_string}\"},\"query-input\":{\"@type\":\"PropertyValueSpecification\",\"valueRequired\":true,\"valueName\":\"search_term_string\"}}],\"inLanguage\":\"fr-FR\"},{\"@type\":\"Person\",\"@id\":\"https:\\\/\\\/www.etoilesportivemontoise.fr\\\/salsanueva\\\/#\\\/schema\\\/person\\\/086018f55be7afba6497239267808ac7\",\"name\":\"Etoile Sportive Montoise\",\"image\":{\"@type\":\"ImageObject\",\"inLanguage\":\"fr-FR\",\"@id\":\"https:\\\/\\\/secure.gravatar.com\\\/avatar\\\/d8bc9e65811140f45b582330fd33b5b51b3271be8ec53b6731b9baa947fd2274?s=96&d=mm&r=g\",\"url\":\"https:\\\/\\\/secure.gravatar.com\\\/avatar\\\/d8bc9e65811140f45b582330fd33b5b51b3271be8ec53b6731b9baa947fd2274?s=96&d=mm&r=g\",\"contentUrl\":\"https:\\\/\\\/secure.gravatar.com\\\/avatar\\\/d8bc9e65811140f45b582330fd33b5b51b3271be8ec53b6731b9baa947fd2274?s=96&d=mm&r=g\",\"caption\":\"Etoile Sportive Montoise\"},\"url\":\"https:\\\/\\\/www.etoilesportivemontoise.fr\\\/salsanueva\\\/aka\\\/f187ac93935e960922bc7af0b852b8ae6fd33f67\\\/\"}]}<\/script>\n<!-- \/ Yoast SEO plugin. -->","yoast_head_json":{"title":"Samedi 14 mars 2015 : Stages et soir\u00e9es \u00e0 la Trenta y d'Auch - ESM Salsanueva","robots":{"index":"index","follow":"follow","max-snippet":"max-snippet:-1","max-image-preview":"max-image-preview:large","max-video-preview":"max-video-preview:-1"},"canonical":"https:\/\/www.etoilesportivemontoise.fr\/salsanueva\/2015\/03\/08\/samedi-14-mars-stages-et-soirees-a-la-trenta-y-dauch\/","og_locale":"fr_FR","og_type":"article","og_title":"Samedi 14 mars 2015 : Stages et soir\u00e9es \u00e0 la Trenta y d'Auch - ESM Salsanueva","og_description":"Hol\u00e0 salseros y salseras ! Comme chaque ann\u00e9e, LaTrentayd&rsquo;Auch vous propose son grand week-end de stages et une soir\u00e9e \u00e0 la salle des Cordeliers \u00e0 AUCH, les samedi 14 &amp; dimanche 15 mars. Pour les STAGES, nous aurons la chance d&rsquo;accueillir 2 magnifiques professeurs pour...","og_url":"https:\/\/www.etoilesportivemontoise.fr\/salsanueva\/2015\/03\/08\/samedi-14-mars-stages-et-soirees-a-la-trenta-y-dauch\/","og_site_name":"ESM Salsanueva","article_published_time":"2015-03-08T17:27:07+00:00","article_modified_time":"2024-03-24T17:31:11+00:00","og_image":[{"width":559,"height":794,"url":"https:\/\/www.etoilesportivemontoise.fr\/content\/uploads\/sites\/8\/2015\/03\/10959587_680578985384212_8625833539550419515_n.jpg","type":"image\/jpeg"}],"author":"Etoile Sportive Montoise","twitter_misc":{"\u00c9crit par":"Etoile Sportive Montoise","Dur\u00e9e de lecture estim\u00e9e":"2 minutes"},"schema":{"@context":"https:\/\/schema.org","@graph":[{"@type":"Article","@id":"https:\/\/www.etoilesportivemontoise.fr\/salsanueva\/2015\/03\/08\/samedi-14-mars-stages-et-soirees-a-la-trenta-y-dauch\/#article","isPartOf":{"@id":"https:\/\/www.etoilesportivemontoise.fr\/salsanueva\/2015\/03\/08\/samedi-14-mars-stages-et-soirees-a-la-trenta-y-dauch\/"},"author":{"name":"Etoile Sportive Montoise","@id":"https:\/\/www.etoilesportivemontoise.fr\/salsanueva\/#\/schema\/person\/086018f55be7afba6497239267808ac7"},"headline":"Samedi 14 mars 2015 : Stages et soir\u00e9es \u00e0 la Trenta y d&rsquo;Auch","datePublished":"2015-03-08T17:27:07+00:00","dateModified":"2024-03-24T17:31:11+00:00","mainEntityOfPage":{"@id":"https:\/\/www.etoilesportivemontoise.fr\/salsanueva\/2015\/03\/08\/samedi-14-mars-stages-et-soirees-a-la-trenta-y-dauch\/"},"wordCount":343,"image":{"@id":"https:\/\/www.etoilesportivemontoise.fr\/salsanueva\/2015\/03\/08\/samedi-14-mars-stages-et-soirees-a-la-trenta-y-dauch\/#primaryimage"},"thumbnailUrl":"https:\/\/www.etoilesportivemontoise.fr\/content\/uploads\/sites\/8\/2015\/03\/10959587_680578985384212_8625833539550419515_n.jpg","articleSection":["Actualit\u00e9s","Ev\u00e8nements ext\u00e9rieurs"],"inLanguage":"fr-FR"},{"@type":"WebPage","@id":"https:\/\/www.etoilesportivemontoise.fr\/salsanueva\/2015\/03\/08\/samedi-14-mars-stages-et-soirees-a-la-trenta-y-dauch\/","url":"https:\/\/www.etoilesportivemontoise.fr\/salsanueva\/2015\/03\/08\/samedi-14-mars-stages-et-soirees-a-la-trenta-y-dauch\/","name":"Samedi 14 mars 2015 : Stages et soir\u00e9es \u00e0 la Trenta y d'Auch - ESM Salsanueva","isPartOf":{"@id":"https:\/\/www.etoilesportivemontoise.fr\/salsanueva\/#website"},"primaryImageOfPage":{"@id":"https:\/\/www.etoilesportivemontoise.fr\/salsanueva\/2015\/03\/08\/samedi-14-mars-stages-et-soirees-a-la-trenta-y-dauch\/#primaryimage"},"image":{"@id":"https:\/\/www.etoilesportivemontoise.fr\/salsanueva\/2015\/03\/08\/samedi-14-mars-stages-et-soirees-a-la-trenta-y-dauch\/#primaryimage"},"thumbnailUrl":"https:\/\/www.etoilesportivemontoise.fr\/content\/uploads\/sites\/8\/2015\/03\/10959587_680578985384212_8625833539550419515_n.jpg","datePublished":"2015-03-08T17:27:07+00:00","dateModified":"2024-03-24T17:31:11+00:00","author":{"@id":"https:\/\/www.etoilesportivemontoise.fr\/salsanueva\/#\/schema\/person\/086018f55be7afba6497239267808ac7"},"breadcrumb":{"@id":"https:\/\/www.etoilesportivemontoise.fr\/salsanueva\/2015\/03\/08\/samedi-14-mars-stages-et-soirees-a-la-trenta-y-dauch\/#breadcrumb"},"inLanguage":"fr-FR","potentialAction":[{"@type":"ReadAction","target":["https:\/\/www.etoilesportivemontoise.fr\/salsanueva\/2015\/03\/08\/samedi-14-mars-stages-et-soirees-a-la-trenta-y-dauch\/"]}]},{"@type":"ImageObject","inLanguage":"fr-FR","@id":"https:\/\/www.etoilesportivemontoise.fr\/salsanueva\/2015\/03\/08\/samedi-14-mars-stages-et-soirees-a-la-trenta-y-dauch\/#primaryimage","url":"https:\/\/www.etoilesportivemontoise.fr\/content\/uploads\/sites\/8\/2015\/03\/10959587_680578985384212_8625833539550419515_n.jpg","contentUrl":"https:\/\/www.etoilesportivemontoise.fr\/content\/uploads\/sites\/8\/2015\/03\/10959587_680578985384212_8625833539550419515_n.jpg","width":559,"height":794},{"@type":"BreadcrumbList","@id":"https:\/\/www.etoilesportivemontoise.fr\/salsanueva\/2015\/03\/08\/samedi-14-mars-stages-et-soirees-a-la-trenta-y-dauch\/#breadcrumb","itemListElement":[{"@type":"ListItem","position":1,"name":"Accueil","item":"https:\/\/www.etoilesportivemontoise.fr\/salsanueva\/"},{"@type":"ListItem","position":2,"name":"Samedi 14 mars 2015 : Stages et soir\u00e9es \u00e0 la Trenta y d&rsquo;Auch"}]},{"@type":"WebSite","@id":"https:\/\/www.etoilesportivemontoise.fr\/salsanueva\/#website","url":"https:\/\/www.etoilesportivemontoise.fr\/salsanueva\/","name":"ESM Salsanueva","description":"Salsa, Bachata, Kizomba Mont de Marsan","potentialAction":[{"@type":"SearchAction","target":{"@type":"EntryPoint","urlTemplate":"https:\/\/www.etoilesportivemontoise.fr\/salsanueva\/?s={search_term_string}"},"query-input":{"@type":"PropertyValueSpecification","valueRequired":true,"valueName":"search_term_string"}}],"inLanguage":"fr-FR"},{"@type":"Person","@id":"https:\/\/www.etoilesportivemontoise.fr\/salsanueva\/#\/schema\/person\/086018f55be7afba6497239267808ac7","name":"Etoile Sportive Montoise","image":{"@type":"ImageObject","inLanguage":"fr-FR","@id":"https:\/\/secure.gravatar.com\/avatar\/d8bc9e65811140f45b582330fd33b5b51b3271be8ec53b6731b9baa947fd2274?s=96&d=mm&r=g","url":"https:\/\/secure.gravatar.com\/avatar\/d8bc9e65811140f45b582330fd33b5b51b3271be8ec53b6731b9baa947fd2274?s=96&d=mm&r=g","contentUrl":"https:\/\/secure.gravatar.com\/avatar\/d8bc9e65811140f45b582330fd33b5b51b3271be8ec53b6731b9baa947fd2274?s=96&d=mm&r=g","caption":"Etoile Sportive Montoise"},"url":"https:\/\/www.etoilesportivemontoise.fr\/salsanueva\/aka\/f187ac93935e960922bc7af0b852b8ae6fd33f67\/"}]}},"_links":{"self":[{"href":"https:\/\/www.etoilesportivemontoise.fr\/salsanueva\/wp-json\/wp\/v2\/posts\/4235","targetHints":{"allow":["GET"]}}],"collection":[{"href":"https:\/\/www.etoilesportivemontoise.fr\/salsanueva\/wp-json\/wp\/v2\/posts"}],"about":[{"href":"https:\/\/www.etoilesportivemontoise.fr\/salsanueva\/wp-json\/wp\/v2\/types\/post"}],"author":[{"embeddable":true,"href":"https:\/\/www.etoilesportivemontoise.fr\/salsanueva\/wp-json\/wp\/v2\/users\/26"}],"replies":[{"embeddable":true,"href":"https:\/\/www.etoilesportivemontoise.fr\/salsanueva\/wp-json\/wp\/v2\/comments?post=4235"}],"version-history":[{"count":4,"href":"https:\/\/www.etoilesportivemontoise.fr\/salsanueva\/wp-json\/wp\/v2\/posts\/4235\/revisions"}],"predecessor-version":[{"id":5420,"href":"https:\/\/www.etoilesportivemontoise.fr\/salsanueva\/wp-json\/wp\/v2\/posts\/4235\/revisions\/5420"}],"wp:featuredmedia":[{"embeddable":true,"href":"https:\/\/www.etoilesportivemontoise.fr\/salsanueva\/wp-json\/wp\/v2\/media\/4236"}],"wp:attachment":[{"href":"https:\/\/www.etoilesportivemontoise.fr\/salsanueva\/wp-json\/wp\/v2\/media?parent=4235"}],"wp:term":[{"taxonomy":"category","embeddable":true,"href":"https:\/\/www.etoilesportivemontoise.fr\/salsanueva\/wp-json\/wp\/v2\/categories?post=4235"},{"taxonomy":"post_tag","embeddable":true,"href":"https:\/\/www.etoilesportivemontoise.fr\/salsanueva\/wp-json\/wp\/v2\/tags?post=4235"}],"curies":[{"name":"wp","href":"https:\/\/api.w.org\/{rel}","templated":true}]}}