{"id":4374,"date":"2015-05-10T19:33:26","date_gmt":"2015-05-10T19:33:26","guid":{"rendered":"http:\/\/www.etoilesportivemontoise.fr\/salsanueva\/?p=4374"},"modified":"2024-03-24T17:31:06","modified_gmt":"2024-03-24T17:31:06","slug":"fiesta-latina-derniere-de-la-saison-samedi-30-mai","status":"publish","type":"post","link":"https:\/\/www.etoilesportivemontoise.fr\/salsanueva\/2015\/05\/10\/fiesta-latina-derniere-de-la-saison-samedi-30-mai\/","title":{"rendered":"Samedi 30 mai 2015 : Fiesta latina, derni\u00e8re de la saison"},"content":{"rendered":"<p><span class=\"fsl\">Derni\u00e8re soir\u00e9e de la saison, mix\u00e9e par Dj Pepino (salsa cubaine\/bachata) et Salsanueva (salsa portoricaine).<\/span><\/p>\n<p>Tarifs : 5\u20ac adh\u00e9rents et collectif<br \/>\n7\u20ac non adh\u00e9rents<\/p>\n<p>22h\/3h<br \/>\nChateau de Nahuques<br \/>\n40000 MONT DE MARSAN<\/p>\n<p><a href=\"http:\/\/www.etoilesportivemontoise.fr\/content\/uploads\/sites\/8\/2015\/05\/Affiche-Soir\u00e9e-30-Mai-2015-Pepino-V4.jpg\"><img loading=\"lazy\" decoding=\"async\" class=\"alignnone wp-image-4375 aligncenter\" src=\"http:\/\/www.etoilesportivemontoise.fr\/content\/uploads\/sites\/8\/2015\/05\/Affiche-Soir\u00e9e-30-Mai-2015-Pepino-V4-300x212.jpg\" alt=\"Affiche Soir\u00e9e 30 Mai 2015 Pepino V4\" width=\"355\" height=\"251\" srcset=\"https:\/\/www.etoilesportivemontoise.fr\/content\/uploads\/sites\/8\/2015\/05\/Affiche-Soir\u00e9e-30-Mai-2015-Pepino-V4-300x212.jpg 300w, https:\/\/www.etoilesportivemontoise.fr\/content\/uploads\/sites\/8\/2015\/05\/Affiche-Soir\u00e9e-30-Mai-2015-Pepino-V4-1024x724.jpg 1024w\" sizes=\"auto, (max-width: 355px) 100vw, 355px\" \/><\/a><\/p>\n","protected":false},"excerpt":{"rendered":"<p>Derni\u00e8re soir\u00e9e de la saison, mix\u00e9e par Dj Pepino (salsa cubaine\/bachata) et Salsanueva (salsa portoricaine). Tarifs : 5\u20ac adh\u00e9rents et collectif 7\u20ac non adh\u00e9rents 22h\/3h Chateau de Nahuques 40000 MONT DE MARSAN<\/p>\n","protected":false},"author":26,"featured_media":4375,"comment_status":"closed","ping_status":"closed","sticky":false,"template":"","format":"standard","meta":{"footnotes":""},"categories":[3,26],"tags":[],"class_list":["post-4374","post","type-post","status-publish","format-standard","has-post-thumbnail","hentry","category-actualites","category-soirees-salsanueva"],"yoast_head":"<!-- This site is optimized with the Yoast SEO plugin v27.3 - https:\/\/yoast.com\/product\/yoast-seo-wordpress\/ -->\n<title>Samedi 30 mai 2015 : Fiesta latina, derni\u00e8re de la saison - ESM Salsanueva<\/title>\n<meta name=\"robots\" content=\"index, follow, max-snippet:-1, max-image-preview:large, max-video-preview:-1\" \/>\n<link rel=\"canonical\" href=\"https:\/\/www.etoilesportivemontoise.fr\/salsanueva\/2015\/05\/10\/fiesta-latina-derniere-de-la-saison-samedi-30-mai\/\" \/>\n<meta property=\"og:locale\" content=\"fr_FR\" \/>\n<meta property=\"og:type\" content=\"article\" \/>\n<meta property=\"og:title\" content=\"Samedi 30 mai 2015 : Fiesta latina, derni\u00e8re de la saison - ESM Salsanueva\" \/>\n<meta property=\"og:description\" content=\"Derni\u00e8re soir\u00e9e de la saison, mix\u00e9e par Dj Pepino (salsa cubaine\/bachata) et Salsanueva (salsa portoricaine). Tarifs : 5\u20ac adh\u00e9rents et collectif 7\u20ac non adh\u00e9rents 22h\/3h Chateau de Nahuques 40000 MONT DE MARSAN\" \/>\n<meta property=\"og:url\" content=\"https:\/\/www.etoilesportivemontoise.fr\/salsanueva\/2015\/05\/10\/fiesta-latina-derniere-de-la-saison-samedi-30-mai\/\" \/>\n<meta property=\"og:site_name\" content=\"ESM Salsanueva\" \/>\n<meta property=\"article:published_time\" content=\"2015-05-10T19:33:26+00:00\" \/>\n<meta property=\"article:modified_time\" content=\"2024-03-24T17:31:06+00:00\" \/>\n<meta property=\"og:image\" content=\"https:\/\/www.etoilesportivemontoise.fr\/content\/uploads\/sites\/8\/2015\/05\/Affiche-Soir\u00e9e-30-Mai-2015-Pepino-V4.jpg\" \/>\n\t<meta property=\"og:image:width\" content=\"4961\" \/>\n\t<meta property=\"og:image:height\" content=\"3508\" \/>\n\t<meta property=\"og:image:type\" content=\"image\/jpeg\" \/>\n<meta name=\"author\" content=\"Etoile Sportive Montoise\" \/>\n<meta name=\"twitter:label1\" content=\"\u00c9crit par\" \/>\n\t<meta name=\"twitter:data1\" content=\"Etoile Sportive Montoise\" \/>\n<script type=\"application\/ld+json\" class=\"yoast-schema-graph\">{\"@context\":\"https:\\\/\\\/schema.org\",\"@graph\":[{\"@type\":\"Article\",\"@id\":\"https:\\\/\\\/www.etoilesportivemontoise.fr\\\/salsanueva\\\/2015\\\/05\\\/10\\\/fiesta-latina-derniere-de-la-saison-samedi-30-mai\\\/#article\",\"isPartOf\":{\"@id\":\"https:\\\/\\\/www.etoilesportivemontoise.fr\\\/salsanueva\\\/2015\\\/05\\\/10\\\/fiesta-latina-derniere-de-la-saison-samedi-30-mai\\\/\"},\"author\":{\"name\":\"Etoile Sportive Montoise\",\"@id\":\"https:\\\/\\\/www.etoilesportivemontoise.fr\\\/salsanueva\\\/#\\\/schema\\\/person\\\/086018f55be7afba6497239267808ac7\"},\"headline\":\"Samedi 30 mai 2015 : Fiesta latina, derni\u00e8re de la saison\",\"datePublished\":\"2015-05-10T19:33:26+00:00\",\"dateModified\":\"2024-03-24T17:31:06+00:00\",\"mainEntityOfPage\":{\"@id\":\"https:\\\/\\\/www.etoilesportivemontoise.fr\\\/salsanueva\\\/2015\\\/05\\\/10\\\/fiesta-latina-derniere-de-la-saison-samedi-30-mai\\\/\"},\"wordCount\":44,\"image\":{\"@id\":\"https:\\\/\\\/www.etoilesportivemontoise.fr\\\/salsanueva\\\/2015\\\/05\\\/10\\\/fiesta-latina-derniere-de-la-saison-samedi-30-mai\\\/#primaryimage\"},\"thumbnailUrl\":\"https:\\\/\\\/www.etoilesportivemontoise.fr\\\/content\\\/uploads\\\/sites\\\/8\\\/2015\\\/05\\\/Affiche-Soir\u00e9e-30-Mai-2015-Pepino-V4.jpg\",\"articleSection\":[\"Actualit\u00e9s\",\"Soir\u00e9es Salsanueva\"],\"inLanguage\":\"fr-FR\"},{\"@type\":\"WebPage\",\"@id\":\"https:\\\/\\\/www.etoilesportivemontoise.fr\\\/salsanueva\\\/2015\\\/05\\\/10\\\/fiesta-latina-derniere-de-la-saison-samedi-30-mai\\\/\",\"url\":\"https:\\\/\\\/www.etoilesportivemontoise.fr\\\/salsanueva\\\/2015\\\/05\\\/10\\\/fiesta-latina-derniere-de-la-saison-samedi-30-mai\\\/\",\"name\":\"Samedi 30 mai 2015 : Fiesta latina, derni\u00e8re de la saison - ESM Salsanueva\",\"isPartOf\":{\"@id\":\"https:\\\/\\\/www.etoilesportivemontoise.fr\\\/salsanueva\\\/#website\"},\"primaryImageOfPage\":{\"@id\":\"https:\\\/\\\/www.etoilesportivemontoise.fr\\\/salsanueva\\\/2015\\\/05\\\/10\\\/fiesta-latina-derniere-de-la-saison-samedi-30-mai\\\/#primaryimage\"},\"image\":{\"@id\":\"https:\\\/\\\/www.etoilesportivemontoise.fr\\\/salsanueva\\\/2015\\\/05\\\/10\\\/fiesta-latina-derniere-de-la-saison-samedi-30-mai\\\/#primaryimage\"},\"thumbnailUrl\":\"https:\\\/\\\/www.etoilesportivemontoise.fr\\\/content\\\/uploads\\\/sites\\\/8\\\/2015\\\/05\\\/Affiche-Soir\u00e9e-30-Mai-2015-Pepino-V4.jpg\",\"datePublished\":\"2015-05-10T19:33:26+00:00\",\"dateModified\":\"2024-03-24T17:31:06+00:00\",\"author\":{\"@id\":\"https:\\\/\\\/www.etoilesportivemontoise.fr\\\/salsanueva\\\/#\\\/schema\\\/person\\\/086018f55be7afba6497239267808ac7\"},\"breadcrumb\":{\"@id\":\"https:\\\/\\\/www.etoilesportivemontoise.fr\\\/salsanueva\\\/2015\\\/05\\\/10\\\/fiesta-latina-derniere-de-la-saison-samedi-30-mai\\\/#breadcrumb\"},\"inLanguage\":\"fr-FR\",\"potentialAction\":[{\"@type\":\"ReadAction\",\"target\":[\"https:\\\/\\\/www.etoilesportivemontoise.fr\\\/salsanueva\\\/2015\\\/05\\\/10\\\/fiesta-latina-derniere-de-la-saison-samedi-30-mai\\\/\"]}]},{\"@type\":\"ImageObject\",\"inLanguage\":\"fr-FR\",\"@id\":\"https:\\\/\\\/www.etoilesportivemontoise.fr\\\/salsanueva\\\/2015\\\/05\\\/10\\\/fiesta-latina-derniere-de-la-saison-samedi-30-mai\\\/#primaryimage\",\"url\":\"https:\\\/\\\/www.etoilesportivemontoise.fr\\\/content\\\/uploads\\\/sites\\\/8\\\/2015\\\/05\\\/Affiche-Soir\u00e9e-30-Mai-2015-Pepino-V4.jpg\",\"contentUrl\":\"https:\\\/\\\/www.etoilesportivemontoise.fr\\\/content\\\/uploads\\\/sites\\\/8\\\/2015\\\/05\\\/Affiche-Soir\u00e9e-30-Mai-2015-Pepino-V4.jpg\",\"width\":4961,\"height\":3508},{\"@type\":\"BreadcrumbList\",\"@id\":\"https:\\\/\\\/www.etoilesportivemontoise.fr\\\/salsanueva\\\/2015\\\/05\\\/10\\\/fiesta-latina-derniere-de-la-saison-samedi-30-mai\\\/#breadcrumb\",\"itemListElement\":[{\"@type\":\"ListItem\",\"position\":1,\"name\":\"Accueil\",\"item\":\"https:\\\/\\\/www.etoilesportivemontoise.fr\\\/salsanueva\\\/\"},{\"@type\":\"ListItem\",\"position\":2,\"name\":\"Samedi 30 mai 2015 : Fiesta latina, derni\u00e8re de la saison\"}]},{\"@type\":\"WebSite\",\"@id\":\"https:\\\/\\\/www.etoilesportivemontoise.fr\\\/salsanueva\\\/#website\",\"url\":\"https:\\\/\\\/www.etoilesportivemontoise.fr\\\/salsanueva\\\/\",\"name\":\"ESM Salsanueva\",\"description\":\"Salsa, Bachata, Kizomba Mont de Marsan\",\"potentialAction\":[{\"@type\":\"SearchAction\",\"target\":{\"@type\":\"EntryPoint\",\"urlTemplate\":\"https:\\\/\\\/www.etoilesportivemontoise.fr\\\/salsanueva\\\/?s={search_term_string}\"},\"query-input\":{\"@type\":\"PropertyValueSpecification\",\"valueRequired\":true,\"valueName\":\"search_term_string\"}}],\"inLanguage\":\"fr-FR\"},{\"@type\":\"Person\",\"@id\":\"https:\\\/\\\/www.etoilesportivemontoise.fr\\\/salsanueva\\\/#\\\/schema\\\/person\\\/086018f55be7afba6497239267808ac7\",\"name\":\"Etoile Sportive Montoise\",\"image\":{\"@type\":\"ImageObject\",\"inLanguage\":\"fr-FR\",\"@id\":\"https:\\\/\\\/secure.gravatar.com\\\/avatar\\\/d8bc9e65811140f45b582330fd33b5b51b3271be8ec53b6731b9baa947fd2274?s=96&d=mm&r=g\",\"url\":\"https:\\\/\\\/secure.gravatar.com\\\/avatar\\\/d8bc9e65811140f45b582330fd33b5b51b3271be8ec53b6731b9baa947fd2274?s=96&d=mm&r=g\",\"contentUrl\":\"https:\\\/\\\/secure.gravatar.com\\\/avatar\\\/d8bc9e65811140f45b582330fd33b5b51b3271be8ec53b6731b9baa947fd2274?s=96&d=mm&r=g\",\"caption\":\"Etoile Sportive Montoise\"},\"url\":\"https:\\\/\\\/www.etoilesportivemontoise.fr\\\/salsanueva\\\/aka\\\/f187ac93935e960922bc7af0b852b8ae6fd33f67\\\/\"}]}<\/script>\n<!-- \/ Yoast SEO plugin. -->","yoast_head_json":{"title":"Samedi 30 mai 2015 : Fiesta latina, derni\u00e8re de la saison - ESM Salsanueva","robots":{"index":"index","follow":"follow","max-snippet":"max-snippet:-1","max-image-preview":"max-image-preview:large","max-video-preview":"max-video-preview:-1"},"canonical":"https:\/\/www.etoilesportivemontoise.fr\/salsanueva\/2015\/05\/10\/fiesta-latina-derniere-de-la-saison-samedi-30-mai\/","og_locale":"fr_FR","og_type":"article","og_title":"Samedi 30 mai 2015 : Fiesta latina, derni\u00e8re de la saison - ESM Salsanueva","og_description":"Derni\u00e8re soir\u00e9e de la saison, mix\u00e9e par Dj Pepino (salsa cubaine\/bachata) et Salsanueva (salsa portoricaine). Tarifs : 5\u20ac adh\u00e9rents et collectif 7\u20ac non adh\u00e9rents 22h\/3h Chateau de Nahuques 40000 MONT DE MARSAN","og_url":"https:\/\/www.etoilesportivemontoise.fr\/salsanueva\/2015\/05\/10\/fiesta-latina-derniere-de-la-saison-samedi-30-mai\/","og_site_name":"ESM Salsanueva","article_published_time":"2015-05-10T19:33:26+00:00","article_modified_time":"2024-03-24T17:31:06+00:00","og_image":[{"width":4961,"height":3508,"url":"https:\/\/www.etoilesportivemontoise.fr\/content\/uploads\/sites\/8\/2015\/05\/Affiche-Soir\u00e9e-30-Mai-2015-Pepino-V4.jpg","type":"image\/jpeg"}],"author":"Etoile Sportive Montoise","twitter_misc":{"\u00c9crit par":"Etoile Sportive Montoise"},"schema":{"@context":"https:\/\/schema.org","@graph":[{"@type":"Article","@id":"https:\/\/www.etoilesportivemontoise.fr\/salsanueva\/2015\/05\/10\/fiesta-latina-derniere-de-la-saison-samedi-30-mai\/#article","isPartOf":{"@id":"https:\/\/www.etoilesportivemontoise.fr\/salsanueva\/2015\/05\/10\/fiesta-latina-derniere-de-la-saison-samedi-30-mai\/"},"author":{"name":"Etoile Sportive Montoise","@id":"https:\/\/www.etoilesportivemontoise.fr\/salsanueva\/#\/schema\/person\/086018f55be7afba6497239267808ac7"},"headline":"Samedi 30 mai 2015 : Fiesta latina, derni\u00e8re de la saison","datePublished":"2015-05-10T19:33:26+00:00","dateModified":"2024-03-24T17:31:06+00:00","mainEntityOfPage":{"@id":"https:\/\/www.etoilesportivemontoise.fr\/salsanueva\/2015\/05\/10\/fiesta-latina-derniere-de-la-saison-samedi-30-mai\/"},"wordCount":44,"image":{"@id":"https:\/\/www.etoilesportivemontoise.fr\/salsanueva\/2015\/05\/10\/fiesta-latina-derniere-de-la-saison-samedi-30-mai\/#primaryimage"},"thumbnailUrl":"https:\/\/www.etoilesportivemontoise.fr\/content\/uploads\/sites\/8\/2015\/05\/Affiche-Soir\u00e9e-30-Mai-2015-Pepino-V4.jpg","articleSection":["Actualit\u00e9s","Soir\u00e9es Salsanueva"],"inLanguage":"fr-FR"},{"@type":"WebPage","@id":"https:\/\/www.etoilesportivemontoise.fr\/salsanueva\/2015\/05\/10\/fiesta-latina-derniere-de-la-saison-samedi-30-mai\/","url":"https:\/\/www.etoilesportivemontoise.fr\/salsanueva\/2015\/05\/10\/fiesta-latina-derniere-de-la-saison-samedi-30-mai\/","name":"Samedi 30 mai 2015 : Fiesta latina, derni\u00e8re de la saison - ESM Salsanueva","isPartOf":{"@id":"https:\/\/www.etoilesportivemontoise.fr\/salsanueva\/#website"},"primaryImageOfPage":{"@id":"https:\/\/www.etoilesportivemontoise.fr\/salsanueva\/2015\/05\/10\/fiesta-latina-derniere-de-la-saison-samedi-30-mai\/#primaryimage"},"image":{"@id":"https:\/\/www.etoilesportivemontoise.fr\/salsanueva\/2015\/05\/10\/fiesta-latina-derniere-de-la-saison-samedi-30-mai\/#primaryimage"},"thumbnailUrl":"https:\/\/www.etoilesportivemontoise.fr\/content\/uploads\/sites\/8\/2015\/05\/Affiche-Soir\u00e9e-30-Mai-2015-Pepino-V4.jpg","datePublished":"2015-05-10T19:33:26+00:00","dateModified":"2024-03-24T17:31:06+00:00","author":{"@id":"https:\/\/www.etoilesportivemontoise.fr\/salsanueva\/#\/schema\/person\/086018f55be7afba6497239267808ac7"},"breadcrumb":{"@id":"https:\/\/www.etoilesportivemontoise.fr\/salsanueva\/2015\/05\/10\/fiesta-latina-derniere-de-la-saison-samedi-30-mai\/#breadcrumb"},"inLanguage":"fr-FR","potentialAction":[{"@type":"ReadAction","target":["https:\/\/www.etoilesportivemontoise.fr\/salsanueva\/2015\/05\/10\/fiesta-latina-derniere-de-la-saison-samedi-30-mai\/"]}]},{"@type":"ImageObject","inLanguage":"fr-FR","@id":"https:\/\/www.etoilesportivemontoise.fr\/salsanueva\/2015\/05\/10\/fiesta-latina-derniere-de-la-saison-samedi-30-mai\/#primaryimage","url":"https:\/\/www.etoilesportivemontoise.fr\/content\/uploads\/sites\/8\/2015\/05\/Affiche-Soir\u00e9e-30-Mai-2015-Pepino-V4.jpg","contentUrl":"https:\/\/www.etoilesportivemontoise.fr\/content\/uploads\/sites\/8\/2015\/05\/Affiche-Soir\u00e9e-30-Mai-2015-Pepino-V4.jpg","width":4961,"height":3508},{"@type":"BreadcrumbList","@id":"https:\/\/www.etoilesportivemontoise.fr\/salsanueva\/2015\/05\/10\/fiesta-latina-derniere-de-la-saison-samedi-30-mai\/#breadcrumb","itemListElement":[{"@type":"ListItem","position":1,"name":"Accueil","item":"https:\/\/www.etoilesportivemontoise.fr\/salsanueva\/"},{"@type":"ListItem","position":2,"name":"Samedi 30 mai 2015 : Fiesta latina, derni\u00e8re de la saison"}]},{"@type":"WebSite","@id":"https:\/\/www.etoilesportivemontoise.fr\/salsanueva\/#website","url":"https:\/\/www.etoilesportivemontoise.fr\/salsanueva\/","name":"ESM Salsanueva","description":"Salsa, Bachata, Kizomba Mont de Marsan","potentialAction":[{"@type":"SearchAction","target":{"@type":"EntryPoint","urlTemplate":"https:\/\/www.etoilesportivemontoise.fr\/salsanueva\/?s={search_term_string}"},"query-input":{"@type":"PropertyValueSpecification","valueRequired":true,"valueName":"search_term_string"}}],"inLanguage":"fr-FR"},{"@type":"Person","@id":"https:\/\/www.etoilesportivemontoise.fr\/salsanueva\/#\/schema\/person\/086018f55be7afba6497239267808ac7","name":"Etoile Sportive Montoise","image":{"@type":"ImageObject","inLanguage":"fr-FR","@id":"https:\/\/secure.gravatar.com\/avatar\/d8bc9e65811140f45b582330fd33b5b51b3271be8ec53b6731b9baa947fd2274?s=96&d=mm&r=g","url":"https:\/\/secure.gravatar.com\/avatar\/d8bc9e65811140f45b582330fd33b5b51b3271be8ec53b6731b9baa947fd2274?s=96&d=mm&r=g","contentUrl":"https:\/\/secure.gravatar.com\/avatar\/d8bc9e65811140f45b582330fd33b5b51b3271be8ec53b6731b9baa947fd2274?s=96&d=mm&r=g","caption":"Etoile Sportive Montoise"},"url":"https:\/\/www.etoilesportivemontoise.fr\/salsanueva\/aka\/f187ac93935e960922bc7af0b852b8ae6fd33f67\/"}]}},"_links":{"self":[{"href":"https:\/\/www.etoilesportivemontoise.fr\/salsanueva\/wp-json\/wp\/v2\/posts\/4374","targetHints":{"allow":["GET"]}}],"collection":[{"href":"https:\/\/www.etoilesportivemontoise.fr\/salsanueva\/wp-json\/wp\/v2\/posts"}],"about":[{"href":"https:\/\/www.etoilesportivemontoise.fr\/salsanueva\/wp-json\/wp\/v2\/types\/post"}],"author":[{"embeddable":true,"href":"https:\/\/www.etoilesportivemontoise.fr\/salsanueva\/wp-json\/wp\/v2\/users\/26"}],"replies":[{"embeddable":true,"href":"https:\/\/www.etoilesportivemontoise.fr\/salsanueva\/wp-json\/wp\/v2\/comments?post=4374"}],"version-history":[{"count":4,"href":"https:\/\/www.etoilesportivemontoise.fr\/salsanueva\/wp-json\/wp\/v2\/posts\/4374\/revisions"}],"predecessor-version":[{"id":5404,"href":"https:\/\/www.etoilesportivemontoise.fr\/salsanueva\/wp-json\/wp\/v2\/posts\/4374\/revisions\/5404"}],"wp:featuredmedia":[{"embeddable":true,"href":"https:\/\/www.etoilesportivemontoise.fr\/salsanueva\/wp-json\/wp\/v2\/media\/4375"}],"wp:attachment":[{"href":"https:\/\/www.etoilesportivemontoise.fr\/salsanueva\/wp-json\/wp\/v2\/media?parent=4374"}],"wp:term":[{"taxonomy":"category","embeddable":true,"href":"https:\/\/www.etoilesportivemontoise.fr\/salsanueva\/wp-json\/wp\/v2\/categories?post=4374"},{"taxonomy":"post_tag","embeddable":true,"href":"https:\/\/www.etoilesportivemontoise.fr\/salsanueva\/wp-json\/wp\/v2\/tags?post=4374"}],"curies":[{"name":"wp","href":"https:\/\/api.w.org\/{rel}","templated":true}]}}