{"id":4388,"date":"2015-06-14T17:34:17","date_gmt":"2015-06-14T17:34:17","guid":{"rendered":"http:\/\/www.etoilesportivemontoise.fr\/salsanueva\/?p=4388"},"modified":"2024-03-24T17:31:06","modified_gmt":"2024-03-24T17:31:06","slug":"festival-iroko-verano-192021-juin-pau","status":"publish","type":"post","link":"https:\/\/www.etoilesportivemontoise.fr\/salsanueva\/2015\/06\/14\/festival-iroko-verano-192021-juin-pau\/","title":{"rendered":"Festival IROKO VERANO : 19\/20\/21 JUIN 2015 PAU"},"content":{"rendered":"<p><a href=\"http:\/\/www.etoilesportivemontoise.fr\/content\/uploads\/sites\/8\/2015\/06\/iroko.jpg\"><img loading=\"lazy\" decoding=\"async\" class=\" wp-image-4389 aligncenter\" src=\"http:\/\/www.etoilesportivemontoise.fr\/content\/uploads\/sites\/8\/2015\/06\/iroko-300x300.jpg\" alt=\"iroko\" width=\"501\" height=\"501\" srcset=\"https:\/\/www.etoilesportivemontoise.fr\/content\/uploads\/sites\/8\/2015\/06\/iroko-300x300.jpg 300w, https:\/\/www.etoilesportivemontoise.fr\/content\/uploads\/sites\/8\/2015\/06\/iroko-150x150.jpg 150w, https:\/\/www.etoilesportivemontoise.fr\/content\/uploads\/sites\/8\/2015\/06\/iroko-520x520.jpg 520w, https:\/\/www.etoilesportivemontoise.fr\/content\/uploads\/sites\/8\/2015\/06\/iroko-212x212.jpg 212w, https:\/\/www.etoilesportivemontoise.fr\/content\/uploads\/sites\/8\/2015\/06\/iroko-47x47.jpg 47w, https:\/\/www.etoilesportivemontoise.fr\/content\/uploads\/sites\/8\/2015\/06\/iroko-45x45.jpg 45w, https:\/\/www.etoilesportivemontoise.fr\/content\/uploads\/sites\/8\/2015\/06\/iroko.jpg 960w\" sizes=\"auto, (max-width: 501px) 100vw, 501px\" \/><\/a><\/p>\n<p>Toutes les infos : <a href=\"http:\/\/www.festival-salsa-pau.com\/\" target=\"_blank\" rel=\"noopener\">http:\/\/www.festival-salsa-pau.com\/<\/a><\/p>\n","protected":false},"excerpt":{"rendered":"<p>Toutes les infos : http:\/\/www.festival-salsa-pau.com\/<\/p>\n","protected":false},"author":26,"featured_media":4389,"comment_status":"closed","ping_status":"closed","sticky":false,"template":"","format":"standard","meta":{"footnotes":""},"categories":[3,34],"tags":[],"class_list":["post-4388","post","type-post","status-publish","format-standard","has-post-thumbnail","hentry","category-actualites","category-evenements-exterieurs"],"yoast_head":"<!-- This site is optimized with the Yoast SEO plugin v27.3 - https:\/\/yoast.com\/product\/yoast-seo-wordpress\/ -->\n<title>Festival IROKO VERANO : 19\/20\/21 JUIN 2015 PAU - ESM Salsanueva<\/title>\n<meta name=\"robots\" content=\"index, follow, max-snippet:-1, max-image-preview:large, max-video-preview:-1\" \/>\n<link rel=\"canonical\" href=\"https:\/\/www.etoilesportivemontoise.fr\/salsanueva\/2015\/06\/14\/festival-iroko-verano-192021-juin-pau\/\" \/>\n<meta property=\"og:locale\" content=\"fr_FR\" \/>\n<meta property=\"og:type\" content=\"article\" \/>\n<meta property=\"og:title\" content=\"Festival IROKO VERANO : 19\/20\/21 JUIN 2015 PAU - ESM Salsanueva\" \/>\n<meta property=\"og:description\" content=\"Toutes les infos : http:\/\/www.festival-salsa-pau.com\/\" \/>\n<meta property=\"og:url\" content=\"https:\/\/www.etoilesportivemontoise.fr\/salsanueva\/2015\/06\/14\/festival-iroko-verano-192021-juin-pau\/\" \/>\n<meta property=\"og:site_name\" content=\"ESM Salsanueva\" \/>\n<meta property=\"article:published_time\" content=\"2015-06-14T17:34:17+00:00\" \/>\n<meta property=\"article:modified_time\" content=\"2024-03-24T17:31:06+00:00\" \/>\n<meta property=\"og:image\" content=\"https:\/\/www.etoilesportivemontoise.fr\/content\/uploads\/sites\/8\/2015\/06\/iroko.jpg\" \/>\n\t<meta property=\"og:image:width\" content=\"960\" \/>\n\t<meta property=\"og:image:height\" content=\"960\" \/>\n\t<meta property=\"og:image:type\" content=\"image\/jpeg\" \/>\n<meta name=\"author\" content=\"Etoile Sportive Montoise\" \/>\n<meta name=\"twitter:label1\" content=\"\u00c9crit par\" \/>\n\t<meta name=\"twitter:data1\" content=\"Etoile Sportive Montoise\" \/>\n<script type=\"application\/ld+json\" class=\"yoast-schema-graph\">{\"@context\":\"https:\\\/\\\/schema.org\",\"@graph\":[{\"@type\":\"Article\",\"@id\":\"https:\\\/\\\/www.etoilesportivemontoise.fr\\\/salsanueva\\\/2015\\\/06\\\/14\\\/festival-iroko-verano-192021-juin-pau\\\/#article\",\"isPartOf\":{\"@id\":\"https:\\\/\\\/www.etoilesportivemontoise.fr\\\/salsanueva\\\/2015\\\/06\\\/14\\\/festival-iroko-verano-192021-juin-pau\\\/\"},\"author\":{\"name\":\"Etoile Sportive Montoise\",\"@id\":\"https:\\\/\\\/www.etoilesportivemontoise.fr\\\/salsanueva\\\/#\\\/schema\\\/person\\\/086018f55be7afba6497239267808ac7\"},\"headline\":\"Festival IROKO VERANO : 19\\\/20\\\/21 JUIN 2015 PAU\",\"datePublished\":\"2015-06-14T17:34:17+00:00\",\"dateModified\":\"2024-03-24T17:31:06+00:00\",\"mainEntityOfPage\":{\"@id\":\"https:\\\/\\\/www.etoilesportivemontoise.fr\\\/salsanueva\\\/2015\\\/06\\\/14\\\/festival-iroko-verano-192021-juin-pau\\\/\"},\"wordCount\":12,\"image\":{\"@id\":\"https:\\\/\\\/www.etoilesportivemontoise.fr\\\/salsanueva\\\/2015\\\/06\\\/14\\\/festival-iroko-verano-192021-juin-pau\\\/#primaryimage\"},\"thumbnailUrl\":\"https:\\\/\\\/www.etoilesportivemontoise.fr\\\/content\\\/uploads\\\/sites\\\/8\\\/2015\\\/06\\\/iroko.jpg\",\"articleSection\":[\"Actualit\u00e9s\",\"Ev\u00e8nements ext\u00e9rieurs\"],\"inLanguage\":\"fr-FR\"},{\"@type\":\"WebPage\",\"@id\":\"https:\\\/\\\/www.etoilesportivemontoise.fr\\\/salsanueva\\\/2015\\\/06\\\/14\\\/festival-iroko-verano-192021-juin-pau\\\/\",\"url\":\"https:\\\/\\\/www.etoilesportivemontoise.fr\\\/salsanueva\\\/2015\\\/06\\\/14\\\/festival-iroko-verano-192021-juin-pau\\\/\",\"name\":\"Festival IROKO VERANO : 19\\\/20\\\/21 JUIN 2015 PAU - ESM Salsanueva\",\"isPartOf\":{\"@id\":\"https:\\\/\\\/www.etoilesportivemontoise.fr\\\/salsanueva\\\/#website\"},\"primaryImageOfPage\":{\"@id\":\"https:\\\/\\\/www.etoilesportivemontoise.fr\\\/salsanueva\\\/2015\\\/06\\\/14\\\/festival-iroko-verano-192021-juin-pau\\\/#primaryimage\"},\"image\":{\"@id\":\"https:\\\/\\\/www.etoilesportivemontoise.fr\\\/salsanueva\\\/2015\\\/06\\\/14\\\/festival-iroko-verano-192021-juin-pau\\\/#primaryimage\"},\"thumbnailUrl\":\"https:\\\/\\\/www.etoilesportivemontoise.fr\\\/content\\\/uploads\\\/sites\\\/8\\\/2015\\\/06\\\/iroko.jpg\",\"datePublished\":\"2015-06-14T17:34:17+00:00\",\"dateModified\":\"2024-03-24T17:31:06+00:00\",\"author\":{\"@id\":\"https:\\\/\\\/www.etoilesportivemontoise.fr\\\/salsanueva\\\/#\\\/schema\\\/person\\\/086018f55be7afba6497239267808ac7\"},\"breadcrumb\":{\"@id\":\"https:\\\/\\\/www.etoilesportivemontoise.fr\\\/salsanueva\\\/2015\\\/06\\\/14\\\/festival-iroko-verano-192021-juin-pau\\\/#breadcrumb\"},\"inLanguage\":\"fr-FR\",\"potentialAction\":[{\"@type\":\"ReadAction\",\"target\":[\"https:\\\/\\\/www.etoilesportivemontoise.fr\\\/salsanueva\\\/2015\\\/06\\\/14\\\/festival-iroko-verano-192021-juin-pau\\\/\"]}]},{\"@type\":\"ImageObject\",\"inLanguage\":\"fr-FR\",\"@id\":\"https:\\\/\\\/www.etoilesportivemontoise.fr\\\/salsanueva\\\/2015\\\/06\\\/14\\\/festival-iroko-verano-192021-juin-pau\\\/#primaryimage\",\"url\":\"https:\\\/\\\/www.etoilesportivemontoise.fr\\\/content\\\/uploads\\\/sites\\\/8\\\/2015\\\/06\\\/iroko.jpg\",\"contentUrl\":\"https:\\\/\\\/www.etoilesportivemontoise.fr\\\/content\\\/uploads\\\/sites\\\/8\\\/2015\\\/06\\\/iroko.jpg\",\"width\":960,\"height\":960},{\"@type\":\"BreadcrumbList\",\"@id\":\"https:\\\/\\\/www.etoilesportivemontoise.fr\\\/salsanueva\\\/2015\\\/06\\\/14\\\/festival-iroko-verano-192021-juin-pau\\\/#breadcrumb\",\"itemListElement\":[{\"@type\":\"ListItem\",\"position\":1,\"name\":\"Accueil\",\"item\":\"https:\\\/\\\/www.etoilesportivemontoise.fr\\\/salsanueva\\\/\"},{\"@type\":\"ListItem\",\"position\":2,\"name\":\"Festival IROKO VERANO : 19\\\/20\\\/21 JUIN 2015 PAU\"}]},{\"@type\":\"WebSite\",\"@id\":\"https:\\\/\\\/www.etoilesportivemontoise.fr\\\/salsanueva\\\/#website\",\"url\":\"https:\\\/\\\/www.etoilesportivemontoise.fr\\\/salsanueva\\\/\",\"name\":\"ESM Salsanueva\",\"description\":\"Salsa, Bachata, Kizomba Mont de Marsan\",\"potentialAction\":[{\"@type\":\"SearchAction\",\"target\":{\"@type\":\"EntryPoint\",\"urlTemplate\":\"https:\\\/\\\/www.etoilesportivemontoise.fr\\\/salsanueva\\\/?s={search_term_string}\"},\"query-input\":{\"@type\":\"PropertyValueSpecification\",\"valueRequired\":true,\"valueName\":\"search_term_string\"}}],\"inLanguage\":\"fr-FR\"},{\"@type\":\"Person\",\"@id\":\"https:\\\/\\\/www.etoilesportivemontoise.fr\\\/salsanueva\\\/#\\\/schema\\\/person\\\/086018f55be7afba6497239267808ac7\",\"name\":\"Etoile Sportive Montoise\",\"image\":{\"@type\":\"ImageObject\",\"inLanguage\":\"fr-FR\",\"@id\":\"https:\\\/\\\/secure.gravatar.com\\\/avatar\\\/d8bc9e65811140f45b582330fd33b5b51b3271be8ec53b6731b9baa947fd2274?s=96&d=mm&r=g\",\"url\":\"https:\\\/\\\/secure.gravatar.com\\\/avatar\\\/d8bc9e65811140f45b582330fd33b5b51b3271be8ec53b6731b9baa947fd2274?s=96&d=mm&r=g\",\"contentUrl\":\"https:\\\/\\\/secure.gravatar.com\\\/avatar\\\/d8bc9e65811140f45b582330fd33b5b51b3271be8ec53b6731b9baa947fd2274?s=96&d=mm&r=g\",\"caption\":\"Etoile Sportive Montoise\"},\"url\":\"https:\\\/\\\/www.etoilesportivemontoise.fr\\\/salsanueva\\\/aka\\\/f187ac93935e960922bc7af0b852b8ae6fd33f67\\\/\"}]}<\/script>\n<!-- \/ Yoast SEO plugin. -->","yoast_head_json":{"title":"Festival IROKO VERANO : 19\/20\/21 JUIN 2015 PAU - ESM Salsanueva","robots":{"index":"index","follow":"follow","max-snippet":"max-snippet:-1","max-image-preview":"max-image-preview:large","max-video-preview":"max-video-preview:-1"},"canonical":"https:\/\/www.etoilesportivemontoise.fr\/salsanueva\/2015\/06\/14\/festival-iroko-verano-192021-juin-pau\/","og_locale":"fr_FR","og_type":"article","og_title":"Festival IROKO VERANO : 19\/20\/21 JUIN 2015 PAU - ESM Salsanueva","og_description":"Toutes les infos : http:\/\/www.festival-salsa-pau.com\/","og_url":"https:\/\/www.etoilesportivemontoise.fr\/salsanueva\/2015\/06\/14\/festival-iroko-verano-192021-juin-pau\/","og_site_name":"ESM Salsanueva","article_published_time":"2015-06-14T17:34:17+00:00","article_modified_time":"2024-03-24T17:31:06+00:00","og_image":[{"width":960,"height":960,"url":"https:\/\/www.etoilesportivemontoise.fr\/content\/uploads\/sites\/8\/2015\/06\/iroko.jpg","type":"image\/jpeg"}],"author":"Etoile Sportive Montoise","twitter_misc":{"\u00c9crit par":"Etoile Sportive Montoise"},"schema":{"@context":"https:\/\/schema.org","@graph":[{"@type":"Article","@id":"https:\/\/www.etoilesportivemontoise.fr\/salsanueva\/2015\/06\/14\/festival-iroko-verano-192021-juin-pau\/#article","isPartOf":{"@id":"https:\/\/www.etoilesportivemontoise.fr\/salsanueva\/2015\/06\/14\/festival-iroko-verano-192021-juin-pau\/"},"author":{"name":"Etoile Sportive Montoise","@id":"https:\/\/www.etoilesportivemontoise.fr\/salsanueva\/#\/schema\/person\/086018f55be7afba6497239267808ac7"},"headline":"Festival IROKO VERANO : 19\/20\/21 JUIN 2015 PAU","datePublished":"2015-06-14T17:34:17+00:00","dateModified":"2024-03-24T17:31:06+00:00","mainEntityOfPage":{"@id":"https:\/\/www.etoilesportivemontoise.fr\/salsanueva\/2015\/06\/14\/festival-iroko-verano-192021-juin-pau\/"},"wordCount":12,"image":{"@id":"https:\/\/www.etoilesportivemontoise.fr\/salsanueva\/2015\/06\/14\/festival-iroko-verano-192021-juin-pau\/#primaryimage"},"thumbnailUrl":"https:\/\/www.etoilesportivemontoise.fr\/content\/uploads\/sites\/8\/2015\/06\/iroko.jpg","articleSection":["Actualit\u00e9s","Ev\u00e8nements ext\u00e9rieurs"],"inLanguage":"fr-FR"},{"@type":"WebPage","@id":"https:\/\/www.etoilesportivemontoise.fr\/salsanueva\/2015\/06\/14\/festival-iroko-verano-192021-juin-pau\/","url":"https:\/\/www.etoilesportivemontoise.fr\/salsanueva\/2015\/06\/14\/festival-iroko-verano-192021-juin-pau\/","name":"Festival IROKO VERANO : 19\/20\/21 JUIN 2015 PAU - ESM Salsanueva","isPartOf":{"@id":"https:\/\/www.etoilesportivemontoise.fr\/salsanueva\/#website"},"primaryImageOfPage":{"@id":"https:\/\/www.etoilesportivemontoise.fr\/salsanueva\/2015\/06\/14\/festival-iroko-verano-192021-juin-pau\/#primaryimage"},"image":{"@id":"https:\/\/www.etoilesportivemontoise.fr\/salsanueva\/2015\/06\/14\/festival-iroko-verano-192021-juin-pau\/#primaryimage"},"thumbnailUrl":"https:\/\/www.etoilesportivemontoise.fr\/content\/uploads\/sites\/8\/2015\/06\/iroko.jpg","datePublished":"2015-06-14T17:34:17+00:00","dateModified":"2024-03-24T17:31:06+00:00","author":{"@id":"https:\/\/www.etoilesportivemontoise.fr\/salsanueva\/#\/schema\/person\/086018f55be7afba6497239267808ac7"},"breadcrumb":{"@id":"https:\/\/www.etoilesportivemontoise.fr\/salsanueva\/2015\/06\/14\/festival-iroko-verano-192021-juin-pau\/#breadcrumb"},"inLanguage":"fr-FR","potentialAction":[{"@type":"ReadAction","target":["https:\/\/www.etoilesportivemontoise.fr\/salsanueva\/2015\/06\/14\/festival-iroko-verano-192021-juin-pau\/"]}]},{"@type":"ImageObject","inLanguage":"fr-FR","@id":"https:\/\/www.etoilesportivemontoise.fr\/salsanueva\/2015\/06\/14\/festival-iroko-verano-192021-juin-pau\/#primaryimage","url":"https:\/\/www.etoilesportivemontoise.fr\/content\/uploads\/sites\/8\/2015\/06\/iroko.jpg","contentUrl":"https:\/\/www.etoilesportivemontoise.fr\/content\/uploads\/sites\/8\/2015\/06\/iroko.jpg","width":960,"height":960},{"@type":"BreadcrumbList","@id":"https:\/\/www.etoilesportivemontoise.fr\/salsanueva\/2015\/06\/14\/festival-iroko-verano-192021-juin-pau\/#breadcrumb","itemListElement":[{"@type":"ListItem","position":1,"name":"Accueil","item":"https:\/\/www.etoilesportivemontoise.fr\/salsanueva\/"},{"@type":"ListItem","position":2,"name":"Festival IROKO VERANO : 19\/20\/21 JUIN 2015 PAU"}]},{"@type":"WebSite","@id":"https:\/\/www.etoilesportivemontoise.fr\/salsanueva\/#website","url":"https:\/\/www.etoilesportivemontoise.fr\/salsanueva\/","name":"ESM Salsanueva","description":"Salsa, Bachata, Kizomba Mont de Marsan","potentialAction":[{"@type":"SearchAction","target":{"@type":"EntryPoint","urlTemplate":"https:\/\/www.etoilesportivemontoise.fr\/salsanueva\/?s={search_term_string}"},"query-input":{"@type":"PropertyValueSpecification","valueRequired":true,"valueName":"search_term_string"}}],"inLanguage":"fr-FR"},{"@type":"Person","@id":"https:\/\/www.etoilesportivemontoise.fr\/salsanueva\/#\/schema\/person\/086018f55be7afba6497239267808ac7","name":"Etoile Sportive Montoise","image":{"@type":"ImageObject","inLanguage":"fr-FR","@id":"https:\/\/secure.gravatar.com\/avatar\/d8bc9e65811140f45b582330fd33b5b51b3271be8ec53b6731b9baa947fd2274?s=96&d=mm&r=g","url":"https:\/\/secure.gravatar.com\/avatar\/d8bc9e65811140f45b582330fd33b5b51b3271be8ec53b6731b9baa947fd2274?s=96&d=mm&r=g","contentUrl":"https:\/\/secure.gravatar.com\/avatar\/d8bc9e65811140f45b582330fd33b5b51b3271be8ec53b6731b9baa947fd2274?s=96&d=mm&r=g","caption":"Etoile Sportive Montoise"},"url":"https:\/\/www.etoilesportivemontoise.fr\/salsanueva\/aka\/f187ac93935e960922bc7af0b852b8ae6fd33f67\/"}]}},"_links":{"self":[{"href":"https:\/\/www.etoilesportivemontoise.fr\/salsanueva\/wp-json\/wp\/v2\/posts\/4388","targetHints":{"allow":["GET"]}}],"collection":[{"href":"https:\/\/www.etoilesportivemontoise.fr\/salsanueva\/wp-json\/wp\/v2\/posts"}],"about":[{"href":"https:\/\/www.etoilesportivemontoise.fr\/salsanueva\/wp-json\/wp\/v2\/types\/post"}],"author":[{"embeddable":true,"href":"https:\/\/www.etoilesportivemontoise.fr\/salsanueva\/wp-json\/wp\/v2\/users\/26"}],"replies":[{"embeddable":true,"href":"https:\/\/www.etoilesportivemontoise.fr\/salsanueva\/wp-json\/wp\/v2\/comments?post=4388"}],"version-history":[{"count":3,"href":"https:\/\/www.etoilesportivemontoise.fr\/salsanueva\/wp-json\/wp\/v2\/posts\/4388\/revisions"}],"predecessor-version":[{"id":5403,"href":"https:\/\/www.etoilesportivemontoise.fr\/salsanueva\/wp-json\/wp\/v2\/posts\/4388\/revisions\/5403"}],"wp:featuredmedia":[{"embeddable":true,"href":"https:\/\/www.etoilesportivemontoise.fr\/salsanueva\/wp-json\/wp\/v2\/media\/4389"}],"wp:attachment":[{"href":"https:\/\/www.etoilesportivemontoise.fr\/salsanueva\/wp-json\/wp\/v2\/media?parent=4388"}],"wp:term":[{"taxonomy":"category","embeddable":true,"href":"https:\/\/www.etoilesportivemontoise.fr\/salsanueva\/wp-json\/wp\/v2\/categories?post=4388"},{"taxonomy":"post_tag","embeddable":true,"href":"https:\/\/www.etoilesportivemontoise.fr\/salsanueva\/wp-json\/wp\/v2\/tags?post=4388"}],"curies":[{"name":"wp","href":"https:\/\/api.w.org\/{rel}","templated":true}]}}