{"id":4490,"date":"2015-09-17T20:22:17","date_gmt":"2015-09-17T20:22:17","guid":{"rendered":"http:\/\/www.etoilesportivemontoise.fr\/salsanueva\/?p=4490"},"modified":"2024-03-24T17:31:02","modified_gmt":"2024-03-24T17:31:02","slug":"1ere-soiree-de-la-saison-latin-fever","status":"publish","type":"post","link":"https:\/\/www.etoilesportivemontoise.fr\/salsanueva\/2015\/09\/17\/1ere-soiree-de-la-saison-latin-fever\/","title":{"rendered":"1\u00e8re soir\u00e9e de la saison : LATIN FEVER by Dj Jeff"},"content":{"rendered":"<p><span class=\"fsl\">Cette premi\u00e8re soir\u00e9e de la saison saura satisfaire le plus grand nombre.<\/span><\/p>\n<p>Que vous dansiez cubaine, portoricaine ou bachata, Jeff sera derri\u00e8re les platines pour vous contenter.<\/p>\n<p>Cette premi\u00e8re soir\u00e9e sera l&rsquo;occasion pour les nouveaux de faire leur premiers pas et pour les autres de mettre en pratique ce qui a \u00e9t\u00e9 appris durant l&rsquo;apr\u00e8s-midi de stages et les cours.<\/p>\n<p>Tarifs : gratuit pour les adh\u00e9rents<br \/>\n5\u20ac collectif<br \/>\n7\u20ac non adh\u00e9rents<\/p>\n<p>Boissons softs \u00e0 volont\u00e9<\/p>\n<p style=\"text-align: center\"><a href=\"http:\/\/www.etoilesportivemontoise.fr\/content\/uploads\/sites\/8\/2015\/09\/Affiche-Soir\u00e9e-17-Octobre-2015-Jeff.jpg\"><img loading=\"lazy\" decoding=\"async\" class=\"alignnone wp-image-4491\" src=\"http:\/\/www.etoilesportivemontoise.fr\/content\/uploads\/sites\/8\/2015\/09\/Affiche-Soir\u00e9e-17-Octobre-2015-Jeff-300x212.jpg\" alt=\"Affiche Soir\u00e9e 17 Octobre 2015 Jeff\" width=\"575\" height=\"406\" srcset=\"https:\/\/www.etoilesportivemontoise.fr\/content\/uploads\/sites\/8\/2015\/09\/Affiche-Soir\u00e9e-17-Octobre-2015-Jeff-300x212.jpg 300w, https:\/\/www.etoilesportivemontoise.fr\/content\/uploads\/sites\/8\/2015\/09\/Affiche-Soir\u00e9e-17-Octobre-2015-Jeff-1024x724.jpg 1024w\" sizes=\"auto, (max-width: 575px) 100vw, 575px\" \/><\/a><\/p>\n","protected":false},"excerpt":{"rendered":"<p>Cette premi\u00e8re soir\u00e9e de la saison saura satisfaire le plus grand nombre. Que vous dansiez cubaine, portoricaine ou bachata, Jeff sera derri\u00e8re les platines pour vous contenter. Cette premi\u00e8re soir\u00e9e sera l&rsquo;occasion pour les nouveaux de faire leur premiers pas et pour les autres de&#8230;<\/p>\n","protected":false},"author":26,"featured_media":4491,"comment_status":"closed","ping_status":"closed","sticky":false,"template":"","format":"standard","meta":{"footnotes":""},"categories":[3,26],"tags":[],"class_list":["post-4490","post","type-post","status-publish","format-standard","has-post-thumbnail","hentry","category-actualites","category-soirees-salsanueva"],"yoast_head":"<!-- This site is optimized with the Yoast SEO plugin v27.3 - https:\/\/yoast.com\/product\/yoast-seo-wordpress\/ -->\n<title>1\u00e8re soir\u00e9e de la saison : LATIN FEVER by Dj Jeff - ESM Salsanueva<\/title>\n<meta name=\"robots\" content=\"index, follow, max-snippet:-1, max-image-preview:large, max-video-preview:-1\" \/>\n<link rel=\"canonical\" href=\"https:\/\/www.etoilesportivemontoise.fr\/salsanueva\/2015\/09\/17\/1ere-soiree-de-la-saison-latin-fever\/\" \/>\n<meta property=\"og:locale\" content=\"fr_FR\" \/>\n<meta property=\"og:type\" content=\"article\" \/>\n<meta property=\"og:title\" content=\"1\u00e8re soir\u00e9e de la saison : LATIN FEVER by Dj Jeff - ESM Salsanueva\" \/>\n<meta property=\"og:description\" content=\"Cette premi\u00e8re soir\u00e9e de la saison saura satisfaire le plus grand nombre. Que vous dansiez cubaine, portoricaine ou bachata, Jeff sera derri\u00e8re les platines pour vous contenter. Cette premi\u00e8re soir\u00e9e sera l&rsquo;occasion pour les nouveaux de faire leur premiers pas et pour les autres de...\" \/>\n<meta property=\"og:url\" content=\"https:\/\/www.etoilesportivemontoise.fr\/salsanueva\/2015\/09\/17\/1ere-soiree-de-la-saison-latin-fever\/\" \/>\n<meta property=\"og:site_name\" content=\"ESM Salsanueva\" \/>\n<meta property=\"article:published_time\" content=\"2015-09-17T20:22:17+00:00\" \/>\n<meta property=\"article:modified_time\" content=\"2024-03-24T17:31:02+00:00\" \/>\n<meta property=\"og:image\" content=\"https:\/\/www.etoilesportivemontoise.fr\/content\/uploads\/sites\/8\/2015\/09\/Affiche-Soir\u00e9e-17-Octobre-2015-Jeff.jpg\" \/>\n\t<meta property=\"og:image:width\" content=\"4961\" \/>\n\t<meta property=\"og:image:height\" content=\"3508\" \/>\n\t<meta property=\"og:image:type\" content=\"image\/jpeg\" \/>\n<meta name=\"author\" content=\"Etoile Sportive Montoise\" \/>\n<meta name=\"twitter:label1\" content=\"\u00c9crit par\" \/>\n\t<meta name=\"twitter:data1\" content=\"Etoile Sportive Montoise\" \/>\n<script type=\"application\/ld+json\" class=\"yoast-schema-graph\">{\"@context\":\"https:\\\/\\\/schema.org\",\"@graph\":[{\"@type\":\"Article\",\"@id\":\"https:\\\/\\\/www.etoilesportivemontoise.fr\\\/salsanueva\\\/2015\\\/09\\\/17\\\/1ere-soiree-de-la-saison-latin-fever\\\/#article\",\"isPartOf\":{\"@id\":\"https:\\\/\\\/www.etoilesportivemontoise.fr\\\/salsanueva\\\/2015\\\/09\\\/17\\\/1ere-soiree-de-la-saison-latin-fever\\\/\"},\"author\":{\"name\":\"Etoile Sportive Montoise\",\"@id\":\"https:\\\/\\\/www.etoilesportivemontoise.fr\\\/salsanueva\\\/#\\\/schema\\\/person\\\/086018f55be7afba6497239267808ac7\"},\"headline\":\"1\u00e8re soir\u00e9e de la saison : LATIN FEVER by Dj Jeff\",\"datePublished\":\"2015-09-17T20:22:17+00:00\",\"dateModified\":\"2024-03-24T17:31:02+00:00\",\"mainEntityOfPage\":{\"@id\":\"https:\\\/\\\/www.etoilesportivemontoise.fr\\\/salsanueva\\\/2015\\\/09\\\/17\\\/1ere-soiree-de-la-saison-latin-fever\\\/\"},\"wordCount\":92,\"image\":{\"@id\":\"https:\\\/\\\/www.etoilesportivemontoise.fr\\\/salsanueva\\\/2015\\\/09\\\/17\\\/1ere-soiree-de-la-saison-latin-fever\\\/#primaryimage\"},\"thumbnailUrl\":\"https:\\\/\\\/www.etoilesportivemontoise.fr\\\/content\\\/uploads\\\/sites\\\/8\\\/2015\\\/09\\\/Affiche-Soir\u00e9e-17-Octobre-2015-Jeff.jpg\",\"articleSection\":[\"Actualit\u00e9s\",\"Soir\u00e9es Salsanueva\"],\"inLanguage\":\"fr-FR\"},{\"@type\":\"WebPage\",\"@id\":\"https:\\\/\\\/www.etoilesportivemontoise.fr\\\/salsanueva\\\/2015\\\/09\\\/17\\\/1ere-soiree-de-la-saison-latin-fever\\\/\",\"url\":\"https:\\\/\\\/www.etoilesportivemontoise.fr\\\/salsanueva\\\/2015\\\/09\\\/17\\\/1ere-soiree-de-la-saison-latin-fever\\\/\",\"name\":\"1\u00e8re soir\u00e9e de la saison : LATIN FEVER by Dj Jeff - ESM Salsanueva\",\"isPartOf\":{\"@id\":\"https:\\\/\\\/www.etoilesportivemontoise.fr\\\/salsanueva\\\/#website\"},\"primaryImageOfPage\":{\"@id\":\"https:\\\/\\\/www.etoilesportivemontoise.fr\\\/salsanueva\\\/2015\\\/09\\\/17\\\/1ere-soiree-de-la-saison-latin-fever\\\/#primaryimage\"},\"image\":{\"@id\":\"https:\\\/\\\/www.etoilesportivemontoise.fr\\\/salsanueva\\\/2015\\\/09\\\/17\\\/1ere-soiree-de-la-saison-latin-fever\\\/#primaryimage\"},\"thumbnailUrl\":\"https:\\\/\\\/www.etoilesportivemontoise.fr\\\/content\\\/uploads\\\/sites\\\/8\\\/2015\\\/09\\\/Affiche-Soir\u00e9e-17-Octobre-2015-Jeff.jpg\",\"datePublished\":\"2015-09-17T20:22:17+00:00\",\"dateModified\":\"2024-03-24T17:31:02+00:00\",\"author\":{\"@id\":\"https:\\\/\\\/www.etoilesportivemontoise.fr\\\/salsanueva\\\/#\\\/schema\\\/person\\\/086018f55be7afba6497239267808ac7\"},\"breadcrumb\":{\"@id\":\"https:\\\/\\\/www.etoilesportivemontoise.fr\\\/salsanueva\\\/2015\\\/09\\\/17\\\/1ere-soiree-de-la-saison-latin-fever\\\/#breadcrumb\"},\"inLanguage\":\"fr-FR\",\"potentialAction\":[{\"@type\":\"ReadAction\",\"target\":[\"https:\\\/\\\/www.etoilesportivemontoise.fr\\\/salsanueva\\\/2015\\\/09\\\/17\\\/1ere-soiree-de-la-saison-latin-fever\\\/\"]}]},{\"@type\":\"ImageObject\",\"inLanguage\":\"fr-FR\",\"@id\":\"https:\\\/\\\/www.etoilesportivemontoise.fr\\\/salsanueva\\\/2015\\\/09\\\/17\\\/1ere-soiree-de-la-saison-latin-fever\\\/#primaryimage\",\"url\":\"https:\\\/\\\/www.etoilesportivemontoise.fr\\\/content\\\/uploads\\\/sites\\\/8\\\/2015\\\/09\\\/Affiche-Soir\u00e9e-17-Octobre-2015-Jeff.jpg\",\"contentUrl\":\"https:\\\/\\\/www.etoilesportivemontoise.fr\\\/content\\\/uploads\\\/sites\\\/8\\\/2015\\\/09\\\/Affiche-Soir\u00e9e-17-Octobre-2015-Jeff.jpg\",\"width\":4961,\"height\":3508},{\"@type\":\"BreadcrumbList\",\"@id\":\"https:\\\/\\\/www.etoilesportivemontoise.fr\\\/salsanueva\\\/2015\\\/09\\\/17\\\/1ere-soiree-de-la-saison-latin-fever\\\/#breadcrumb\",\"itemListElement\":[{\"@type\":\"ListItem\",\"position\":1,\"name\":\"Accueil\",\"item\":\"https:\\\/\\\/www.etoilesportivemontoise.fr\\\/salsanueva\\\/\"},{\"@type\":\"ListItem\",\"position\":2,\"name\":\"1\u00e8re soir\u00e9e de la saison : LATIN FEVER by Dj Jeff\"}]},{\"@type\":\"WebSite\",\"@id\":\"https:\\\/\\\/www.etoilesportivemontoise.fr\\\/salsanueva\\\/#website\",\"url\":\"https:\\\/\\\/www.etoilesportivemontoise.fr\\\/salsanueva\\\/\",\"name\":\"ESM Salsanueva\",\"description\":\"Salsa, Bachata, Kizomba Mont de Marsan\",\"potentialAction\":[{\"@type\":\"SearchAction\",\"target\":{\"@type\":\"EntryPoint\",\"urlTemplate\":\"https:\\\/\\\/www.etoilesportivemontoise.fr\\\/salsanueva\\\/?s={search_term_string}\"},\"query-input\":{\"@type\":\"PropertyValueSpecification\",\"valueRequired\":true,\"valueName\":\"search_term_string\"}}],\"inLanguage\":\"fr-FR\"},{\"@type\":\"Person\",\"@id\":\"https:\\\/\\\/www.etoilesportivemontoise.fr\\\/salsanueva\\\/#\\\/schema\\\/person\\\/086018f55be7afba6497239267808ac7\",\"name\":\"Etoile Sportive Montoise\",\"image\":{\"@type\":\"ImageObject\",\"inLanguage\":\"fr-FR\",\"@id\":\"https:\\\/\\\/secure.gravatar.com\\\/avatar\\\/d8bc9e65811140f45b582330fd33b5b51b3271be8ec53b6731b9baa947fd2274?s=96&d=mm&r=g\",\"url\":\"https:\\\/\\\/secure.gravatar.com\\\/avatar\\\/d8bc9e65811140f45b582330fd33b5b51b3271be8ec53b6731b9baa947fd2274?s=96&d=mm&r=g\",\"contentUrl\":\"https:\\\/\\\/secure.gravatar.com\\\/avatar\\\/d8bc9e65811140f45b582330fd33b5b51b3271be8ec53b6731b9baa947fd2274?s=96&d=mm&r=g\",\"caption\":\"Etoile Sportive Montoise\"},\"url\":\"https:\\\/\\\/www.etoilesportivemontoise.fr\\\/salsanueva\\\/aka\\\/f187ac93935e960922bc7af0b852b8ae6fd33f67\\\/\"}]}<\/script>\n<!-- \/ Yoast SEO plugin. -->","yoast_head_json":{"title":"1\u00e8re soir\u00e9e de la saison : LATIN FEVER by Dj Jeff - ESM Salsanueva","robots":{"index":"index","follow":"follow","max-snippet":"max-snippet:-1","max-image-preview":"max-image-preview:large","max-video-preview":"max-video-preview:-1"},"canonical":"https:\/\/www.etoilesportivemontoise.fr\/salsanueva\/2015\/09\/17\/1ere-soiree-de-la-saison-latin-fever\/","og_locale":"fr_FR","og_type":"article","og_title":"1\u00e8re soir\u00e9e de la saison : LATIN FEVER by Dj Jeff - ESM Salsanueva","og_description":"Cette premi\u00e8re soir\u00e9e de la saison saura satisfaire le plus grand nombre. Que vous dansiez cubaine, portoricaine ou bachata, Jeff sera derri\u00e8re les platines pour vous contenter. Cette premi\u00e8re soir\u00e9e sera l&rsquo;occasion pour les nouveaux de faire leur premiers pas et pour les autres de...","og_url":"https:\/\/www.etoilesportivemontoise.fr\/salsanueva\/2015\/09\/17\/1ere-soiree-de-la-saison-latin-fever\/","og_site_name":"ESM Salsanueva","article_published_time":"2015-09-17T20:22:17+00:00","article_modified_time":"2024-03-24T17:31:02+00:00","og_image":[{"width":4961,"height":3508,"url":"https:\/\/www.etoilesportivemontoise.fr\/content\/uploads\/sites\/8\/2015\/09\/Affiche-Soir\u00e9e-17-Octobre-2015-Jeff.jpg","type":"image\/jpeg"}],"author":"Etoile Sportive Montoise","twitter_misc":{"\u00c9crit par":"Etoile Sportive Montoise"},"schema":{"@context":"https:\/\/schema.org","@graph":[{"@type":"Article","@id":"https:\/\/www.etoilesportivemontoise.fr\/salsanueva\/2015\/09\/17\/1ere-soiree-de-la-saison-latin-fever\/#article","isPartOf":{"@id":"https:\/\/www.etoilesportivemontoise.fr\/salsanueva\/2015\/09\/17\/1ere-soiree-de-la-saison-latin-fever\/"},"author":{"name":"Etoile Sportive Montoise","@id":"https:\/\/www.etoilesportivemontoise.fr\/salsanueva\/#\/schema\/person\/086018f55be7afba6497239267808ac7"},"headline":"1\u00e8re soir\u00e9e de la saison : LATIN FEVER by Dj Jeff","datePublished":"2015-09-17T20:22:17+00:00","dateModified":"2024-03-24T17:31:02+00:00","mainEntityOfPage":{"@id":"https:\/\/www.etoilesportivemontoise.fr\/salsanueva\/2015\/09\/17\/1ere-soiree-de-la-saison-latin-fever\/"},"wordCount":92,"image":{"@id":"https:\/\/www.etoilesportivemontoise.fr\/salsanueva\/2015\/09\/17\/1ere-soiree-de-la-saison-latin-fever\/#primaryimage"},"thumbnailUrl":"https:\/\/www.etoilesportivemontoise.fr\/content\/uploads\/sites\/8\/2015\/09\/Affiche-Soir\u00e9e-17-Octobre-2015-Jeff.jpg","articleSection":["Actualit\u00e9s","Soir\u00e9es Salsanueva"],"inLanguage":"fr-FR"},{"@type":"WebPage","@id":"https:\/\/www.etoilesportivemontoise.fr\/salsanueva\/2015\/09\/17\/1ere-soiree-de-la-saison-latin-fever\/","url":"https:\/\/www.etoilesportivemontoise.fr\/salsanueva\/2015\/09\/17\/1ere-soiree-de-la-saison-latin-fever\/","name":"1\u00e8re soir\u00e9e de la saison : LATIN FEVER by Dj Jeff - ESM Salsanueva","isPartOf":{"@id":"https:\/\/www.etoilesportivemontoise.fr\/salsanueva\/#website"},"primaryImageOfPage":{"@id":"https:\/\/www.etoilesportivemontoise.fr\/salsanueva\/2015\/09\/17\/1ere-soiree-de-la-saison-latin-fever\/#primaryimage"},"image":{"@id":"https:\/\/www.etoilesportivemontoise.fr\/salsanueva\/2015\/09\/17\/1ere-soiree-de-la-saison-latin-fever\/#primaryimage"},"thumbnailUrl":"https:\/\/www.etoilesportivemontoise.fr\/content\/uploads\/sites\/8\/2015\/09\/Affiche-Soir\u00e9e-17-Octobre-2015-Jeff.jpg","datePublished":"2015-09-17T20:22:17+00:00","dateModified":"2024-03-24T17:31:02+00:00","author":{"@id":"https:\/\/www.etoilesportivemontoise.fr\/salsanueva\/#\/schema\/person\/086018f55be7afba6497239267808ac7"},"breadcrumb":{"@id":"https:\/\/www.etoilesportivemontoise.fr\/salsanueva\/2015\/09\/17\/1ere-soiree-de-la-saison-latin-fever\/#breadcrumb"},"inLanguage":"fr-FR","potentialAction":[{"@type":"ReadAction","target":["https:\/\/www.etoilesportivemontoise.fr\/salsanueva\/2015\/09\/17\/1ere-soiree-de-la-saison-latin-fever\/"]}]},{"@type":"ImageObject","inLanguage":"fr-FR","@id":"https:\/\/www.etoilesportivemontoise.fr\/salsanueva\/2015\/09\/17\/1ere-soiree-de-la-saison-latin-fever\/#primaryimage","url":"https:\/\/www.etoilesportivemontoise.fr\/content\/uploads\/sites\/8\/2015\/09\/Affiche-Soir\u00e9e-17-Octobre-2015-Jeff.jpg","contentUrl":"https:\/\/www.etoilesportivemontoise.fr\/content\/uploads\/sites\/8\/2015\/09\/Affiche-Soir\u00e9e-17-Octobre-2015-Jeff.jpg","width":4961,"height":3508},{"@type":"BreadcrumbList","@id":"https:\/\/www.etoilesportivemontoise.fr\/salsanueva\/2015\/09\/17\/1ere-soiree-de-la-saison-latin-fever\/#breadcrumb","itemListElement":[{"@type":"ListItem","position":1,"name":"Accueil","item":"https:\/\/www.etoilesportivemontoise.fr\/salsanueva\/"},{"@type":"ListItem","position":2,"name":"1\u00e8re soir\u00e9e de la saison : LATIN FEVER by Dj Jeff"}]},{"@type":"WebSite","@id":"https:\/\/www.etoilesportivemontoise.fr\/salsanueva\/#website","url":"https:\/\/www.etoilesportivemontoise.fr\/salsanueva\/","name":"ESM Salsanueva","description":"Salsa, Bachata, Kizomba Mont de Marsan","potentialAction":[{"@type":"SearchAction","target":{"@type":"EntryPoint","urlTemplate":"https:\/\/www.etoilesportivemontoise.fr\/salsanueva\/?s={search_term_string}"},"query-input":{"@type":"PropertyValueSpecification","valueRequired":true,"valueName":"search_term_string"}}],"inLanguage":"fr-FR"},{"@type":"Person","@id":"https:\/\/www.etoilesportivemontoise.fr\/salsanueva\/#\/schema\/person\/086018f55be7afba6497239267808ac7","name":"Etoile Sportive Montoise","image":{"@type":"ImageObject","inLanguage":"fr-FR","@id":"https:\/\/secure.gravatar.com\/avatar\/d8bc9e65811140f45b582330fd33b5b51b3271be8ec53b6731b9baa947fd2274?s=96&d=mm&r=g","url":"https:\/\/secure.gravatar.com\/avatar\/d8bc9e65811140f45b582330fd33b5b51b3271be8ec53b6731b9baa947fd2274?s=96&d=mm&r=g","contentUrl":"https:\/\/secure.gravatar.com\/avatar\/d8bc9e65811140f45b582330fd33b5b51b3271be8ec53b6731b9baa947fd2274?s=96&d=mm&r=g","caption":"Etoile Sportive Montoise"},"url":"https:\/\/www.etoilesportivemontoise.fr\/salsanueva\/aka\/f187ac93935e960922bc7af0b852b8ae6fd33f67\/"}]}},"_links":{"self":[{"href":"https:\/\/www.etoilesportivemontoise.fr\/salsanueva\/wp-json\/wp\/v2\/posts\/4490","targetHints":{"allow":["GET"]}}],"collection":[{"href":"https:\/\/www.etoilesportivemontoise.fr\/salsanueva\/wp-json\/wp\/v2\/posts"}],"about":[{"href":"https:\/\/www.etoilesportivemontoise.fr\/salsanueva\/wp-json\/wp\/v2\/types\/post"}],"author":[{"embeddable":true,"href":"https:\/\/www.etoilesportivemontoise.fr\/salsanueva\/wp-json\/wp\/v2\/users\/26"}],"replies":[{"embeddable":true,"href":"https:\/\/www.etoilesportivemontoise.fr\/salsanueva\/wp-json\/wp\/v2\/comments?post=4490"}],"version-history":[{"count":2,"href":"https:\/\/www.etoilesportivemontoise.fr\/salsanueva\/wp-json\/wp\/v2\/posts\/4490\/revisions"}],"predecessor-version":[{"id":4493,"href":"https:\/\/www.etoilesportivemontoise.fr\/salsanueva\/wp-json\/wp\/v2\/posts\/4490\/revisions\/4493"}],"wp:featuredmedia":[{"embeddable":true,"href":"https:\/\/www.etoilesportivemontoise.fr\/salsanueva\/wp-json\/wp\/v2\/media\/4491"}],"wp:attachment":[{"href":"https:\/\/www.etoilesportivemontoise.fr\/salsanueva\/wp-json\/wp\/v2\/media?parent=4490"}],"wp:term":[{"taxonomy":"category","embeddable":true,"href":"https:\/\/www.etoilesportivemontoise.fr\/salsanueva\/wp-json\/wp\/v2\/categories?post=4490"},{"taxonomy":"post_tag","embeddable":true,"href":"https:\/\/www.etoilesportivemontoise.fr\/salsanueva\/wp-json\/wp\/v2\/tags?post=4490"}],"curies":[{"name":"wp","href":"https:\/\/api.w.org\/{rel}","templated":true}]}}