{"id":4499,"date":"2015-10-28T21:00:10","date_gmt":"2015-10-28T21:00:10","guid":{"rendered":"http:\/\/www.etoilesportivemontoise.fr\/salsanueva\/?p=4499"},"modified":"2024-03-24T17:30:58","modified_gmt":"2024-03-24T17:30:58","slug":"stages-de-percussion-afro-cubaine","status":"publish","type":"post","link":"https:\/\/www.etoilesportivemontoise.fr\/salsanueva\/2015\/10\/28\/stages-de-percussion-afro-cubaine\/","title":{"rendered":"Samedi 14 novembre 2015 : Stages de percussion afro-cubaine"},"content":{"rendered":"<h2 style=\"text-align: center\">Nouveaut\u00e9 et unique \u00e0 MONT DE MARSAN !!!<\/h2>\n<p style=\"text-align: center\">Nous vous proposons une s\u00e9rie de 6 stages pour d\u00e9couvrir et apprendre \u00e0 jouer des percussions afro-cubaines.<\/p>\n<p style=\"text-align: center\">1er STAGE : Samedi 14 novembre<br \/>\n2\u00e8me SATGE : Samedi 12 d\u00e9cembre<\/p>\n<p style=\"text-align: center\">Les prochaines dates seront d\u00e9termin\u00e9es ensemble.<\/p>\n<p style=\"text-align: center\">Pour cela, nous avons fait appel \u00e0 un percussionniste reconnu de la r\u00e9gion, Aur\u00e9lien PECOUT.<\/p>\n<p style=\"text-align: center\">Aur\u00e9lien \u00e9tudie depuis des ann\u00e9es la musique traditionnelle et populaire Afro-Cubaine, son insertion \u00e9galement aux musiques du B\u00e9nin lui permet de mettre \u00e0 profit ce lien de parent\u00e9 immuable entre l\u2019Afrique et Cuba et d\u2019ouvrir cette richesse musical au service de la tradition et de la modernit\u00e9 \u00e0 travers la danse, l\u2019orchestration, la cr\u00e9ation \u2026<span class=\"text_exposed_hide\">\u2026<\/span><span class=\"text_exposed_show\"><br \/>\nSes exp\u00e9riences de percussionniste professionnel et de p\u00e9dagogue au sein de diff\u00e9rentes structures propose un enseignement adapt\u00e9 \u00e0 tout type de public ou projets p\u00e9dagogiques.<\/span><\/p>\n<p style=\"text-align: center\">Vous decouvrirez au cours de ces stages la musique afro-cubaine \u00e0 travers la pratique de ses divers instruments de percussion: congas, cajon, bombo, shekere clave, palito , campana etc\u2026.<\/p>\n<p style=\"text-align: center\">Le nombre de place est limit\u00e9 \u00e0 8 personnes (10 si vous poss\u00e9dez vos propres congas). L\u2019objectif du groupe devra \u00eatre de progresser ensemble et de participer aux 6 stages propos\u00e9s.<\/p>\n<p style=\"text-align: center\">Le tarif pour le stage de 3h est de 25\u20ac par personne.<\/p>\n<p style=\"text-align: center\">Les inscriptions se font via ce lien :<\/p>\n<p style=\"text-align: center\"><a href=\"https:\/\/docs.google.com\/forms\/d\/1kceYIV0e3zSecFTdB1BQmE5jTvpT5cYQHkV5vBzn8W8\/viewform\" target=\"_blank\" rel=\"nofollow noopener\">https:\/\/docs.google.com\/forms\/d\/1kceYIV0e3zSecFTdB1BQmE5jTvpT5cYQHkV5vBzn8W8\/viewform<\/a><\/p>\n<p style=\"text-align: center\">Envoi du r\u00e8glement obligatoire afin de confirmer votre pr\u00e9sence (le ch\u00e8que ne sera encaiss\u00e9 qu\u2019apr\u00e8s le stage effectu\u00e9)<\/p>\n<p style=\"text-align: center\"><a href=\"http:\/\/www.etoilesportivemontoise.fr\/content\/uploads\/sites\/8\/2015\/01\/Aur\u00e9lien-P\u00e9cout2.jpg\"><img loading=\"lazy\" decoding=\"async\" class=\"alignnone size-medium wp-image-4495\" src=\"http:\/\/www.etoilesportivemontoise.fr\/content\/uploads\/sites\/8\/2015\/01\/Aur\u00e9lien-P\u00e9cout2-199x300.jpg\" alt=\"Aur\u00e9lien P\u00e9cout2\" width=\"199\" height=\"300\" srcset=\"https:\/\/www.etoilesportivemontoise.fr\/content\/uploads\/sites\/8\/2015\/01\/Aur\u00e9lien-P\u00e9cout2-199x300.jpg 199w, https:\/\/www.etoilesportivemontoise.fr\/content\/uploads\/sites\/8\/2015\/01\/Aur\u00e9lien-P\u00e9cout2-300x453.jpg 300w, https:\/\/www.etoilesportivemontoise.fr\/content\/uploads\/sites\/8\/2015\/01\/Aur\u00e9lien-P\u00e9cout2.jpg 477w\" sizes=\"auto, (max-width: 199px) 100vw, 199px\" \/><\/a><\/p>\n","protected":false},"excerpt":{"rendered":"<p>Nouveaut\u00e9 et unique \u00e0 MONT DE MARSAN !!! Nous vous proposons une s\u00e9rie de 6 stages pour d\u00e9couvrir et apprendre \u00e0 jouer des percussions afro-cubaines. 1er STAGE : Samedi 14 novembre 2\u00e8me SATGE : Samedi 12 d\u00e9cembre Les prochaines dates seront d\u00e9termin\u00e9es ensemble. Pour cela,&#8230;<\/p>\n","protected":false},"author":26,"featured_media":4495,"comment_status":"closed","ping_status":"closed","sticky":false,"template":"","format":"standard","meta":{"footnotes":""},"categories":[3,29],"tags":[],"class_list":["post-4499","post","type-post","status-publish","format-standard","has-post-thumbnail","hentry","category-actualites","category-stages"],"yoast_head":"<!-- This site is optimized with the Yoast SEO plugin v27.3 - https:\/\/yoast.com\/product\/yoast-seo-wordpress\/ -->\n<title>Samedi 14 novembre 2015 : Stages de percussion afro-cubaine - ESM Salsanueva<\/title>\n<meta name=\"robots\" content=\"index, follow, max-snippet:-1, max-image-preview:large, max-video-preview:-1\" \/>\n<link rel=\"canonical\" href=\"https:\/\/www.etoilesportivemontoise.fr\/salsanueva\/2015\/10\/28\/stages-de-percussion-afro-cubaine\/\" \/>\n<meta property=\"og:locale\" content=\"fr_FR\" \/>\n<meta property=\"og:type\" content=\"article\" \/>\n<meta property=\"og:title\" content=\"Samedi 14 novembre 2015 : Stages de percussion afro-cubaine - ESM Salsanueva\" \/>\n<meta property=\"og:description\" content=\"Nouveaut\u00e9 et unique \u00e0 MONT DE MARSAN !!! Nous vous proposons une s\u00e9rie de 6 stages pour d\u00e9couvrir et apprendre \u00e0 jouer des percussions afro-cubaines. 1er STAGE : Samedi 14 novembre 2\u00e8me SATGE : Samedi 12 d\u00e9cembre Les prochaines dates seront d\u00e9termin\u00e9es ensemble. Pour cela,...\" \/>\n<meta property=\"og:url\" content=\"https:\/\/www.etoilesportivemontoise.fr\/salsanueva\/2015\/10\/28\/stages-de-percussion-afro-cubaine\/\" \/>\n<meta property=\"og:site_name\" content=\"ESM Salsanueva\" \/>\n<meta property=\"article:published_time\" content=\"2015-10-28T21:00:10+00:00\" \/>\n<meta property=\"article:modified_time\" content=\"2024-03-24T17:30:58+00:00\" \/>\n<meta property=\"og:image\" content=\"https:\/\/www.etoilesportivemontoise.fr\/content\/uploads\/sites\/8\/2015\/01\/Aur\u00e9lien-P\u00e9cout2.jpg\" \/>\n\t<meta property=\"og:image:width\" content=\"477\" \/>\n\t<meta property=\"og:image:height\" content=\"720\" \/>\n\t<meta property=\"og:image:type\" content=\"image\/jpeg\" \/>\n<meta name=\"author\" content=\"Etoile Sportive Montoise\" \/>\n<meta name=\"twitter:label1\" content=\"\u00c9crit par\" \/>\n\t<meta name=\"twitter:data1\" content=\"Etoile Sportive Montoise\" \/>\n\t<meta name=\"twitter:label2\" content=\"Dur\u00e9e de lecture estim\u00e9e\" \/>\n\t<meta name=\"twitter:data2\" content=\"1 minute\" \/>\n<script type=\"application\/ld+json\" class=\"yoast-schema-graph\">{\"@context\":\"https:\\\/\\\/schema.org\",\"@graph\":[{\"@type\":\"Article\",\"@id\":\"https:\\\/\\\/www.etoilesportivemontoise.fr\\\/salsanueva\\\/2015\\\/10\\\/28\\\/stages-de-percussion-afro-cubaine\\\/#article\",\"isPartOf\":{\"@id\":\"https:\\\/\\\/www.etoilesportivemontoise.fr\\\/salsanueva\\\/2015\\\/10\\\/28\\\/stages-de-percussion-afro-cubaine\\\/\"},\"author\":{\"name\":\"Etoile Sportive Montoise\",\"@id\":\"https:\\\/\\\/www.etoilesportivemontoise.fr\\\/salsanueva\\\/#\\\/schema\\\/person\\\/086018f55be7afba6497239267808ac7\"},\"headline\":\"Samedi 14 novembre 2015 : Stages de percussion afro-cubaine\",\"datePublished\":\"2015-10-28T21:00:10+00:00\",\"dateModified\":\"2024-03-24T17:30:58+00:00\",\"mainEntityOfPage\":{\"@id\":\"https:\\\/\\\/www.etoilesportivemontoise.fr\\\/salsanueva\\\/2015\\\/10\\\/28\\\/stages-de-percussion-afro-cubaine\\\/\"},\"wordCount\":262,\"image\":{\"@id\":\"https:\\\/\\\/www.etoilesportivemontoise.fr\\\/salsanueva\\\/2015\\\/10\\\/28\\\/stages-de-percussion-afro-cubaine\\\/#primaryimage\"},\"thumbnailUrl\":\"https:\\\/\\\/www.etoilesportivemontoise.fr\\\/content\\\/uploads\\\/sites\\\/8\\\/2015\\\/01\\\/Aur\u00e9lien-P\u00e9cout2.jpg\",\"articleSection\":[\"Actualit\u00e9s\",\"Stages\"],\"inLanguage\":\"fr-FR\"},{\"@type\":\"WebPage\",\"@id\":\"https:\\\/\\\/www.etoilesportivemontoise.fr\\\/salsanueva\\\/2015\\\/10\\\/28\\\/stages-de-percussion-afro-cubaine\\\/\",\"url\":\"https:\\\/\\\/www.etoilesportivemontoise.fr\\\/salsanueva\\\/2015\\\/10\\\/28\\\/stages-de-percussion-afro-cubaine\\\/\",\"name\":\"Samedi 14 novembre 2015 : Stages de percussion afro-cubaine - ESM Salsanueva\",\"isPartOf\":{\"@id\":\"https:\\\/\\\/www.etoilesportivemontoise.fr\\\/salsanueva\\\/#website\"},\"primaryImageOfPage\":{\"@id\":\"https:\\\/\\\/www.etoilesportivemontoise.fr\\\/salsanueva\\\/2015\\\/10\\\/28\\\/stages-de-percussion-afro-cubaine\\\/#primaryimage\"},\"image\":{\"@id\":\"https:\\\/\\\/www.etoilesportivemontoise.fr\\\/salsanueva\\\/2015\\\/10\\\/28\\\/stages-de-percussion-afro-cubaine\\\/#primaryimage\"},\"thumbnailUrl\":\"https:\\\/\\\/www.etoilesportivemontoise.fr\\\/content\\\/uploads\\\/sites\\\/8\\\/2015\\\/01\\\/Aur\u00e9lien-P\u00e9cout2.jpg\",\"datePublished\":\"2015-10-28T21:00:10+00:00\",\"dateModified\":\"2024-03-24T17:30:58+00:00\",\"author\":{\"@id\":\"https:\\\/\\\/www.etoilesportivemontoise.fr\\\/salsanueva\\\/#\\\/schema\\\/person\\\/086018f55be7afba6497239267808ac7\"},\"breadcrumb\":{\"@id\":\"https:\\\/\\\/www.etoilesportivemontoise.fr\\\/salsanueva\\\/2015\\\/10\\\/28\\\/stages-de-percussion-afro-cubaine\\\/#breadcrumb\"},\"inLanguage\":\"fr-FR\",\"potentialAction\":[{\"@type\":\"ReadAction\",\"target\":[\"https:\\\/\\\/www.etoilesportivemontoise.fr\\\/salsanueva\\\/2015\\\/10\\\/28\\\/stages-de-percussion-afro-cubaine\\\/\"]}]},{\"@type\":\"ImageObject\",\"inLanguage\":\"fr-FR\",\"@id\":\"https:\\\/\\\/www.etoilesportivemontoise.fr\\\/salsanueva\\\/2015\\\/10\\\/28\\\/stages-de-percussion-afro-cubaine\\\/#primaryimage\",\"url\":\"https:\\\/\\\/www.etoilesportivemontoise.fr\\\/content\\\/uploads\\\/sites\\\/8\\\/2015\\\/01\\\/Aur\u00e9lien-P\u00e9cout2.jpg\",\"contentUrl\":\"https:\\\/\\\/www.etoilesportivemontoise.fr\\\/content\\\/uploads\\\/sites\\\/8\\\/2015\\\/01\\\/Aur\u00e9lien-P\u00e9cout2.jpg\",\"width\":477,\"height\":720},{\"@type\":\"BreadcrumbList\",\"@id\":\"https:\\\/\\\/www.etoilesportivemontoise.fr\\\/salsanueva\\\/2015\\\/10\\\/28\\\/stages-de-percussion-afro-cubaine\\\/#breadcrumb\",\"itemListElement\":[{\"@type\":\"ListItem\",\"position\":1,\"name\":\"Accueil\",\"item\":\"https:\\\/\\\/www.etoilesportivemontoise.fr\\\/salsanueva\\\/\"},{\"@type\":\"ListItem\",\"position\":2,\"name\":\"Samedi 14 novembre 2015 : Stages de percussion afro-cubaine\"}]},{\"@type\":\"WebSite\",\"@id\":\"https:\\\/\\\/www.etoilesportivemontoise.fr\\\/salsanueva\\\/#website\",\"url\":\"https:\\\/\\\/www.etoilesportivemontoise.fr\\\/salsanueva\\\/\",\"name\":\"ESM Salsanueva\",\"description\":\"Salsa, Bachata, Kizomba Mont de Marsan\",\"potentialAction\":[{\"@type\":\"SearchAction\",\"target\":{\"@type\":\"EntryPoint\",\"urlTemplate\":\"https:\\\/\\\/www.etoilesportivemontoise.fr\\\/salsanueva\\\/?s={search_term_string}\"},\"query-input\":{\"@type\":\"PropertyValueSpecification\",\"valueRequired\":true,\"valueName\":\"search_term_string\"}}],\"inLanguage\":\"fr-FR\"},{\"@type\":\"Person\",\"@id\":\"https:\\\/\\\/www.etoilesportivemontoise.fr\\\/salsanueva\\\/#\\\/schema\\\/person\\\/086018f55be7afba6497239267808ac7\",\"name\":\"Etoile Sportive Montoise\",\"image\":{\"@type\":\"ImageObject\",\"inLanguage\":\"fr-FR\",\"@id\":\"https:\\\/\\\/secure.gravatar.com\\\/avatar\\\/d8bc9e65811140f45b582330fd33b5b51b3271be8ec53b6731b9baa947fd2274?s=96&d=mm&r=g\",\"url\":\"https:\\\/\\\/secure.gravatar.com\\\/avatar\\\/d8bc9e65811140f45b582330fd33b5b51b3271be8ec53b6731b9baa947fd2274?s=96&d=mm&r=g\",\"contentUrl\":\"https:\\\/\\\/secure.gravatar.com\\\/avatar\\\/d8bc9e65811140f45b582330fd33b5b51b3271be8ec53b6731b9baa947fd2274?s=96&d=mm&r=g\",\"caption\":\"Etoile Sportive Montoise\"},\"url\":\"https:\\\/\\\/www.etoilesportivemontoise.fr\\\/salsanueva\\\/aka\\\/f187ac93935e960922bc7af0b852b8ae6fd33f67\\\/\"}]}<\/script>\n<!-- \/ Yoast SEO plugin. -->","yoast_head_json":{"title":"Samedi 14 novembre 2015 : Stages de percussion afro-cubaine - ESM Salsanueva","robots":{"index":"index","follow":"follow","max-snippet":"max-snippet:-1","max-image-preview":"max-image-preview:large","max-video-preview":"max-video-preview:-1"},"canonical":"https:\/\/www.etoilesportivemontoise.fr\/salsanueva\/2015\/10\/28\/stages-de-percussion-afro-cubaine\/","og_locale":"fr_FR","og_type":"article","og_title":"Samedi 14 novembre 2015 : Stages de percussion afro-cubaine - ESM Salsanueva","og_description":"Nouveaut\u00e9 et unique \u00e0 MONT DE MARSAN !!! Nous vous proposons une s\u00e9rie de 6 stages pour d\u00e9couvrir et apprendre \u00e0 jouer des percussions afro-cubaines. 1er STAGE : Samedi 14 novembre 2\u00e8me SATGE : Samedi 12 d\u00e9cembre Les prochaines dates seront d\u00e9termin\u00e9es ensemble. Pour cela,...","og_url":"https:\/\/www.etoilesportivemontoise.fr\/salsanueva\/2015\/10\/28\/stages-de-percussion-afro-cubaine\/","og_site_name":"ESM Salsanueva","article_published_time":"2015-10-28T21:00:10+00:00","article_modified_time":"2024-03-24T17:30:58+00:00","og_image":[{"width":477,"height":720,"url":"https:\/\/www.etoilesportivemontoise.fr\/content\/uploads\/sites\/8\/2015\/01\/Aur\u00e9lien-P\u00e9cout2.jpg","type":"image\/jpeg"}],"author":"Etoile Sportive Montoise","twitter_misc":{"\u00c9crit par":"Etoile Sportive Montoise","Dur\u00e9e de lecture estim\u00e9e":"1 minute"},"schema":{"@context":"https:\/\/schema.org","@graph":[{"@type":"Article","@id":"https:\/\/www.etoilesportivemontoise.fr\/salsanueva\/2015\/10\/28\/stages-de-percussion-afro-cubaine\/#article","isPartOf":{"@id":"https:\/\/www.etoilesportivemontoise.fr\/salsanueva\/2015\/10\/28\/stages-de-percussion-afro-cubaine\/"},"author":{"name":"Etoile Sportive Montoise","@id":"https:\/\/www.etoilesportivemontoise.fr\/salsanueva\/#\/schema\/person\/086018f55be7afba6497239267808ac7"},"headline":"Samedi 14 novembre 2015 : Stages de percussion afro-cubaine","datePublished":"2015-10-28T21:00:10+00:00","dateModified":"2024-03-24T17:30:58+00:00","mainEntityOfPage":{"@id":"https:\/\/www.etoilesportivemontoise.fr\/salsanueva\/2015\/10\/28\/stages-de-percussion-afro-cubaine\/"},"wordCount":262,"image":{"@id":"https:\/\/www.etoilesportivemontoise.fr\/salsanueva\/2015\/10\/28\/stages-de-percussion-afro-cubaine\/#primaryimage"},"thumbnailUrl":"https:\/\/www.etoilesportivemontoise.fr\/content\/uploads\/sites\/8\/2015\/01\/Aur\u00e9lien-P\u00e9cout2.jpg","articleSection":["Actualit\u00e9s","Stages"],"inLanguage":"fr-FR"},{"@type":"WebPage","@id":"https:\/\/www.etoilesportivemontoise.fr\/salsanueva\/2015\/10\/28\/stages-de-percussion-afro-cubaine\/","url":"https:\/\/www.etoilesportivemontoise.fr\/salsanueva\/2015\/10\/28\/stages-de-percussion-afro-cubaine\/","name":"Samedi 14 novembre 2015 : Stages de percussion afro-cubaine - ESM Salsanueva","isPartOf":{"@id":"https:\/\/www.etoilesportivemontoise.fr\/salsanueva\/#website"},"primaryImageOfPage":{"@id":"https:\/\/www.etoilesportivemontoise.fr\/salsanueva\/2015\/10\/28\/stages-de-percussion-afro-cubaine\/#primaryimage"},"image":{"@id":"https:\/\/www.etoilesportivemontoise.fr\/salsanueva\/2015\/10\/28\/stages-de-percussion-afro-cubaine\/#primaryimage"},"thumbnailUrl":"https:\/\/www.etoilesportivemontoise.fr\/content\/uploads\/sites\/8\/2015\/01\/Aur\u00e9lien-P\u00e9cout2.jpg","datePublished":"2015-10-28T21:00:10+00:00","dateModified":"2024-03-24T17:30:58+00:00","author":{"@id":"https:\/\/www.etoilesportivemontoise.fr\/salsanueva\/#\/schema\/person\/086018f55be7afba6497239267808ac7"},"breadcrumb":{"@id":"https:\/\/www.etoilesportivemontoise.fr\/salsanueva\/2015\/10\/28\/stages-de-percussion-afro-cubaine\/#breadcrumb"},"inLanguage":"fr-FR","potentialAction":[{"@type":"ReadAction","target":["https:\/\/www.etoilesportivemontoise.fr\/salsanueva\/2015\/10\/28\/stages-de-percussion-afro-cubaine\/"]}]},{"@type":"ImageObject","inLanguage":"fr-FR","@id":"https:\/\/www.etoilesportivemontoise.fr\/salsanueva\/2015\/10\/28\/stages-de-percussion-afro-cubaine\/#primaryimage","url":"https:\/\/www.etoilesportivemontoise.fr\/content\/uploads\/sites\/8\/2015\/01\/Aur\u00e9lien-P\u00e9cout2.jpg","contentUrl":"https:\/\/www.etoilesportivemontoise.fr\/content\/uploads\/sites\/8\/2015\/01\/Aur\u00e9lien-P\u00e9cout2.jpg","width":477,"height":720},{"@type":"BreadcrumbList","@id":"https:\/\/www.etoilesportivemontoise.fr\/salsanueva\/2015\/10\/28\/stages-de-percussion-afro-cubaine\/#breadcrumb","itemListElement":[{"@type":"ListItem","position":1,"name":"Accueil","item":"https:\/\/www.etoilesportivemontoise.fr\/salsanueva\/"},{"@type":"ListItem","position":2,"name":"Samedi 14 novembre 2015 : Stages de percussion afro-cubaine"}]},{"@type":"WebSite","@id":"https:\/\/www.etoilesportivemontoise.fr\/salsanueva\/#website","url":"https:\/\/www.etoilesportivemontoise.fr\/salsanueva\/","name":"ESM Salsanueva","description":"Salsa, Bachata, Kizomba Mont de Marsan","potentialAction":[{"@type":"SearchAction","target":{"@type":"EntryPoint","urlTemplate":"https:\/\/www.etoilesportivemontoise.fr\/salsanueva\/?s={search_term_string}"},"query-input":{"@type":"PropertyValueSpecification","valueRequired":true,"valueName":"search_term_string"}}],"inLanguage":"fr-FR"},{"@type":"Person","@id":"https:\/\/www.etoilesportivemontoise.fr\/salsanueva\/#\/schema\/person\/086018f55be7afba6497239267808ac7","name":"Etoile Sportive Montoise","image":{"@type":"ImageObject","inLanguage":"fr-FR","@id":"https:\/\/secure.gravatar.com\/avatar\/d8bc9e65811140f45b582330fd33b5b51b3271be8ec53b6731b9baa947fd2274?s=96&d=mm&r=g","url":"https:\/\/secure.gravatar.com\/avatar\/d8bc9e65811140f45b582330fd33b5b51b3271be8ec53b6731b9baa947fd2274?s=96&d=mm&r=g","contentUrl":"https:\/\/secure.gravatar.com\/avatar\/d8bc9e65811140f45b582330fd33b5b51b3271be8ec53b6731b9baa947fd2274?s=96&d=mm&r=g","caption":"Etoile Sportive Montoise"},"url":"https:\/\/www.etoilesportivemontoise.fr\/salsanueva\/aka\/f187ac93935e960922bc7af0b852b8ae6fd33f67\/"}]}},"_links":{"self":[{"href":"https:\/\/www.etoilesportivemontoise.fr\/salsanueva\/wp-json\/wp\/v2\/posts\/4499","targetHints":{"allow":["GET"]}}],"collection":[{"href":"https:\/\/www.etoilesportivemontoise.fr\/salsanueva\/wp-json\/wp\/v2\/posts"}],"about":[{"href":"https:\/\/www.etoilesportivemontoise.fr\/salsanueva\/wp-json\/wp\/v2\/types\/post"}],"author":[{"embeddable":true,"href":"https:\/\/www.etoilesportivemontoise.fr\/salsanueva\/wp-json\/wp\/v2\/users\/26"}],"replies":[{"embeddable":true,"href":"https:\/\/www.etoilesportivemontoise.fr\/salsanueva\/wp-json\/wp\/v2\/comments?post=4499"}],"version-history":[{"count":4,"href":"https:\/\/www.etoilesportivemontoise.fr\/salsanueva\/wp-json\/wp\/v2\/posts\/4499\/revisions"}],"predecessor-version":[{"id":5392,"href":"https:\/\/www.etoilesportivemontoise.fr\/salsanueva\/wp-json\/wp\/v2\/posts\/4499\/revisions\/5392"}],"wp:featuredmedia":[{"embeddable":true,"href":"https:\/\/www.etoilesportivemontoise.fr\/salsanueva\/wp-json\/wp\/v2\/media\/4495"}],"wp:attachment":[{"href":"https:\/\/www.etoilesportivemontoise.fr\/salsanueva\/wp-json\/wp\/v2\/media?parent=4499"}],"wp:term":[{"taxonomy":"category","embeddable":true,"href":"https:\/\/www.etoilesportivemontoise.fr\/salsanueva\/wp-json\/wp\/v2\/categories?post=4499"},{"taxonomy":"post_tag","embeddable":true,"href":"https:\/\/www.etoilesportivemontoise.fr\/salsanueva\/wp-json\/wp\/v2\/tags?post=4499"}],"curies":[{"name":"wp","href":"https:\/\/api.w.org\/{rel}","templated":true}]}}