{"id":4824,"date":"2017-01-08T18:04:20","date_gmt":"2017-01-08T18:04:20","guid":{"rendered":"http:\/\/www.etoilesportivemontoise.fr\/salsanueva\/?p=4824"},"modified":"2024-03-24T17:30:46","modified_gmt":"2024-03-24T17:30:46","slug":"dimanche-12-fevrier-stage-de-percussion-afro-cubaine-anime-aurelien-pecout","status":"publish","type":"post","link":"https:\/\/www.etoilesportivemontoise.fr\/salsanueva\/2017\/01\/08\/dimanche-12-fevrier-stage-de-percussion-afro-cubaine-anime-aurelien-pecout\/","title":{"rendered":"Dimanche 12 f\u00e9vrier 2017 : Stage de percussion afro-cubaine anim\u00e9 par Aur\u00e9lien PECOUT"},"content":{"rendered":"<p style=\"text-align: center\"><a href=\"http:\/\/www.etoilesportivemontoise.fr\/content\/uploads\/sites\/8\/2017\/01\/Percu-12-f\u00e9vrier.jpg\"><img loading=\"lazy\" decoding=\"async\" class=\"alignnone wp-image-4825\" src=\"http:\/\/www.etoilesportivemontoise.fr\/content\/uploads\/sites\/8\/2017\/01\/Percu-12-f\u00e9vrier-300x225.jpg\" alt=\"Percu 12 f\u00e9vrier\" width=\"391\" height=\"293\" srcset=\"https:\/\/www.etoilesportivemontoise.fr\/content\/uploads\/sites\/8\/2017\/01\/Percu-12-f\u00e9vrier-300x225.jpg 300w, https:\/\/www.etoilesportivemontoise.fr\/content\/uploads\/sites\/8\/2017\/01\/Percu-12-f\u00e9vrier-768x576.jpg 768w, https:\/\/www.etoilesportivemontoise.fr\/content\/uploads\/sites\/8\/2017\/01\/Percu-12-f\u00e9vrier.jpg 960w\" sizes=\"auto, (max-width: 391px) 100vw, 391px\" \/><\/a><\/p>\n<p style=\"text-align: center\">https:\/\/www.facebook.com\/events\/189953991478005\/<\/p>\n","protected":false},"excerpt":{"rendered":"<p>https:\/\/www.facebook.com\/events\/189953991478005\/<\/p>\n","protected":false},"author":26,"featured_media":4825,"comment_status":"closed","ping_status":"closed","sticky":false,"template":"","format":"standard","meta":{"footnotes":""},"categories":[3,29],"tags":[],"class_list":["post-4824","post","type-post","status-publish","format-standard","has-post-thumbnail","hentry","category-actualites","category-stages"],"yoast_head":"<!-- This site is optimized with the Yoast SEO plugin v27.3 - https:\/\/yoast.com\/product\/yoast-seo-wordpress\/ -->\n<title>Dimanche 12 f\u00e9vrier 2017 : Stage de percussion afro-cubaine anim\u00e9 par Aur\u00e9lien PECOUT - ESM Salsanueva<\/title>\n<meta name=\"robots\" content=\"index, follow, max-snippet:-1, max-image-preview:large, max-video-preview:-1\" \/>\n<link rel=\"canonical\" href=\"https:\/\/www.etoilesportivemontoise.fr\/salsanueva\/2017\/01\/08\/dimanche-12-fevrier-stage-de-percussion-afro-cubaine-anime-aurelien-pecout\/\" \/>\n<meta property=\"og:locale\" content=\"fr_FR\" \/>\n<meta property=\"og:type\" content=\"article\" \/>\n<meta property=\"og:title\" content=\"Dimanche 12 f\u00e9vrier 2017 : Stage de percussion afro-cubaine anim\u00e9 par Aur\u00e9lien PECOUT - ESM Salsanueva\" \/>\n<meta property=\"og:description\" content=\"https:\/\/www.facebook.com\/events\/189953991478005\/\" \/>\n<meta property=\"og:url\" content=\"https:\/\/www.etoilesportivemontoise.fr\/salsanueva\/2017\/01\/08\/dimanche-12-fevrier-stage-de-percussion-afro-cubaine-anime-aurelien-pecout\/\" \/>\n<meta property=\"og:site_name\" content=\"ESM Salsanueva\" \/>\n<meta property=\"article:published_time\" content=\"2017-01-08T18:04:20+00:00\" \/>\n<meta property=\"article:modified_time\" content=\"2024-03-24T17:30:46+00:00\" \/>\n<meta property=\"og:image\" content=\"https:\/\/www.etoilesportivemontoise.fr\/content\/uploads\/sites\/8\/2017\/01\/Percu-12-f\u00e9vrier.jpg\" \/>\n\t<meta property=\"og:image:width\" content=\"960\" \/>\n\t<meta property=\"og:image:height\" content=\"720\" \/>\n\t<meta property=\"og:image:type\" content=\"image\/jpeg\" \/>\n<meta name=\"author\" content=\"Etoile Sportive Montoise\" \/>\n<meta name=\"twitter:label1\" content=\"\u00c9crit par\" \/>\n\t<meta name=\"twitter:data1\" content=\"Etoile Sportive Montoise\" \/>\n<script type=\"application\/ld+json\" class=\"yoast-schema-graph\">{\"@context\":\"https:\\\/\\\/schema.org\",\"@graph\":[{\"@type\":\"Article\",\"@id\":\"https:\\\/\\\/www.etoilesportivemontoise.fr\\\/salsanueva\\\/2017\\\/01\\\/08\\\/dimanche-12-fevrier-stage-de-percussion-afro-cubaine-anime-aurelien-pecout\\\/#article\",\"isPartOf\":{\"@id\":\"https:\\\/\\\/www.etoilesportivemontoise.fr\\\/salsanueva\\\/2017\\\/01\\\/08\\\/dimanche-12-fevrier-stage-de-percussion-afro-cubaine-anime-aurelien-pecout\\\/\"},\"author\":{\"name\":\"Etoile Sportive Montoise\",\"@id\":\"https:\\\/\\\/www.etoilesportivemontoise.fr\\\/salsanueva\\\/#\\\/schema\\\/person\\\/086018f55be7afba6497239267808ac7\"},\"headline\":\"Dimanche 12 f\u00e9vrier 2017 : Stage de percussion afro-cubaine anim\u00e9 par Aur\u00e9lien PECOUT\",\"datePublished\":\"2017-01-08T18:04:20+00:00\",\"dateModified\":\"2024-03-24T17:30:46+00:00\",\"mainEntityOfPage\":{\"@id\":\"https:\\\/\\\/www.etoilesportivemontoise.fr\\\/salsanueva\\\/2017\\\/01\\\/08\\\/dimanche-12-fevrier-stage-de-percussion-afro-cubaine-anime-aurelien-pecout\\\/\"},\"wordCount\":17,\"image\":{\"@id\":\"https:\\\/\\\/www.etoilesportivemontoise.fr\\\/salsanueva\\\/2017\\\/01\\\/08\\\/dimanche-12-fevrier-stage-de-percussion-afro-cubaine-anime-aurelien-pecout\\\/#primaryimage\"},\"thumbnailUrl\":\"https:\\\/\\\/www.etoilesportivemontoise.fr\\\/content\\\/uploads\\\/sites\\\/8\\\/2017\\\/01\\\/Percu-12-f\u00e9vrier.jpg\",\"articleSection\":[\"Actualit\u00e9s\",\"Stages\"],\"inLanguage\":\"fr-FR\"},{\"@type\":\"WebPage\",\"@id\":\"https:\\\/\\\/www.etoilesportivemontoise.fr\\\/salsanueva\\\/2017\\\/01\\\/08\\\/dimanche-12-fevrier-stage-de-percussion-afro-cubaine-anime-aurelien-pecout\\\/\",\"url\":\"https:\\\/\\\/www.etoilesportivemontoise.fr\\\/salsanueva\\\/2017\\\/01\\\/08\\\/dimanche-12-fevrier-stage-de-percussion-afro-cubaine-anime-aurelien-pecout\\\/\",\"name\":\"Dimanche 12 f\u00e9vrier 2017 : Stage de percussion afro-cubaine anim\u00e9 par Aur\u00e9lien PECOUT - ESM Salsanueva\",\"isPartOf\":{\"@id\":\"https:\\\/\\\/www.etoilesportivemontoise.fr\\\/salsanueva\\\/#website\"},\"primaryImageOfPage\":{\"@id\":\"https:\\\/\\\/www.etoilesportivemontoise.fr\\\/salsanueva\\\/2017\\\/01\\\/08\\\/dimanche-12-fevrier-stage-de-percussion-afro-cubaine-anime-aurelien-pecout\\\/#primaryimage\"},\"image\":{\"@id\":\"https:\\\/\\\/www.etoilesportivemontoise.fr\\\/salsanueva\\\/2017\\\/01\\\/08\\\/dimanche-12-fevrier-stage-de-percussion-afro-cubaine-anime-aurelien-pecout\\\/#primaryimage\"},\"thumbnailUrl\":\"https:\\\/\\\/www.etoilesportivemontoise.fr\\\/content\\\/uploads\\\/sites\\\/8\\\/2017\\\/01\\\/Percu-12-f\u00e9vrier.jpg\",\"datePublished\":\"2017-01-08T18:04:20+00:00\",\"dateModified\":\"2024-03-24T17:30:46+00:00\",\"author\":{\"@id\":\"https:\\\/\\\/www.etoilesportivemontoise.fr\\\/salsanueva\\\/#\\\/schema\\\/person\\\/086018f55be7afba6497239267808ac7\"},\"breadcrumb\":{\"@id\":\"https:\\\/\\\/www.etoilesportivemontoise.fr\\\/salsanueva\\\/2017\\\/01\\\/08\\\/dimanche-12-fevrier-stage-de-percussion-afro-cubaine-anime-aurelien-pecout\\\/#breadcrumb\"},\"inLanguage\":\"fr-FR\",\"potentialAction\":[{\"@type\":\"ReadAction\",\"target\":[\"https:\\\/\\\/www.etoilesportivemontoise.fr\\\/salsanueva\\\/2017\\\/01\\\/08\\\/dimanche-12-fevrier-stage-de-percussion-afro-cubaine-anime-aurelien-pecout\\\/\"]}]},{\"@type\":\"ImageObject\",\"inLanguage\":\"fr-FR\",\"@id\":\"https:\\\/\\\/www.etoilesportivemontoise.fr\\\/salsanueva\\\/2017\\\/01\\\/08\\\/dimanche-12-fevrier-stage-de-percussion-afro-cubaine-anime-aurelien-pecout\\\/#primaryimage\",\"url\":\"https:\\\/\\\/www.etoilesportivemontoise.fr\\\/content\\\/uploads\\\/sites\\\/8\\\/2017\\\/01\\\/Percu-12-f\u00e9vrier.jpg\",\"contentUrl\":\"https:\\\/\\\/www.etoilesportivemontoise.fr\\\/content\\\/uploads\\\/sites\\\/8\\\/2017\\\/01\\\/Percu-12-f\u00e9vrier.jpg\",\"width\":960,\"height\":720},{\"@type\":\"BreadcrumbList\",\"@id\":\"https:\\\/\\\/www.etoilesportivemontoise.fr\\\/salsanueva\\\/2017\\\/01\\\/08\\\/dimanche-12-fevrier-stage-de-percussion-afro-cubaine-anime-aurelien-pecout\\\/#breadcrumb\",\"itemListElement\":[{\"@type\":\"ListItem\",\"position\":1,\"name\":\"Accueil\",\"item\":\"https:\\\/\\\/www.etoilesportivemontoise.fr\\\/salsanueva\\\/\"},{\"@type\":\"ListItem\",\"position\":2,\"name\":\"Dimanche 12 f\u00e9vrier 2017 : Stage de percussion afro-cubaine anim\u00e9 par Aur\u00e9lien PECOUT\"}]},{\"@type\":\"WebSite\",\"@id\":\"https:\\\/\\\/www.etoilesportivemontoise.fr\\\/salsanueva\\\/#website\",\"url\":\"https:\\\/\\\/www.etoilesportivemontoise.fr\\\/salsanueva\\\/\",\"name\":\"ESM Salsanueva\",\"description\":\"Salsa, Bachata, Kizomba Mont de Marsan\",\"potentialAction\":[{\"@type\":\"SearchAction\",\"target\":{\"@type\":\"EntryPoint\",\"urlTemplate\":\"https:\\\/\\\/www.etoilesportivemontoise.fr\\\/salsanueva\\\/?s={search_term_string}\"},\"query-input\":{\"@type\":\"PropertyValueSpecification\",\"valueRequired\":true,\"valueName\":\"search_term_string\"}}],\"inLanguage\":\"fr-FR\"},{\"@type\":\"Person\",\"@id\":\"https:\\\/\\\/www.etoilesportivemontoise.fr\\\/salsanueva\\\/#\\\/schema\\\/person\\\/086018f55be7afba6497239267808ac7\",\"name\":\"Etoile Sportive Montoise\",\"image\":{\"@type\":\"ImageObject\",\"inLanguage\":\"fr-FR\",\"@id\":\"https:\\\/\\\/secure.gravatar.com\\\/avatar\\\/d8bc9e65811140f45b582330fd33b5b51b3271be8ec53b6731b9baa947fd2274?s=96&d=mm&r=g\",\"url\":\"https:\\\/\\\/secure.gravatar.com\\\/avatar\\\/d8bc9e65811140f45b582330fd33b5b51b3271be8ec53b6731b9baa947fd2274?s=96&d=mm&r=g\",\"contentUrl\":\"https:\\\/\\\/secure.gravatar.com\\\/avatar\\\/d8bc9e65811140f45b582330fd33b5b51b3271be8ec53b6731b9baa947fd2274?s=96&d=mm&r=g\",\"caption\":\"Etoile Sportive Montoise\"},\"url\":\"https:\\\/\\\/www.etoilesportivemontoise.fr\\\/salsanueva\\\/aka\\\/f187ac93935e960922bc7af0b852b8ae6fd33f67\\\/\"}]}<\/script>\n<!-- \/ Yoast SEO plugin. -->","yoast_head_json":{"title":"Dimanche 12 f\u00e9vrier 2017 : Stage de percussion afro-cubaine anim\u00e9 par Aur\u00e9lien PECOUT - ESM Salsanueva","robots":{"index":"index","follow":"follow","max-snippet":"max-snippet:-1","max-image-preview":"max-image-preview:large","max-video-preview":"max-video-preview:-1"},"canonical":"https:\/\/www.etoilesportivemontoise.fr\/salsanueva\/2017\/01\/08\/dimanche-12-fevrier-stage-de-percussion-afro-cubaine-anime-aurelien-pecout\/","og_locale":"fr_FR","og_type":"article","og_title":"Dimanche 12 f\u00e9vrier 2017 : Stage de percussion afro-cubaine anim\u00e9 par Aur\u00e9lien PECOUT - ESM Salsanueva","og_description":"https:\/\/www.facebook.com\/events\/189953991478005\/","og_url":"https:\/\/www.etoilesportivemontoise.fr\/salsanueva\/2017\/01\/08\/dimanche-12-fevrier-stage-de-percussion-afro-cubaine-anime-aurelien-pecout\/","og_site_name":"ESM Salsanueva","article_published_time":"2017-01-08T18:04:20+00:00","article_modified_time":"2024-03-24T17:30:46+00:00","og_image":[{"width":960,"height":720,"url":"https:\/\/www.etoilesportivemontoise.fr\/content\/uploads\/sites\/8\/2017\/01\/Percu-12-f\u00e9vrier.jpg","type":"image\/jpeg"}],"author":"Etoile Sportive Montoise","twitter_misc":{"\u00c9crit par":"Etoile Sportive Montoise"},"schema":{"@context":"https:\/\/schema.org","@graph":[{"@type":"Article","@id":"https:\/\/www.etoilesportivemontoise.fr\/salsanueva\/2017\/01\/08\/dimanche-12-fevrier-stage-de-percussion-afro-cubaine-anime-aurelien-pecout\/#article","isPartOf":{"@id":"https:\/\/www.etoilesportivemontoise.fr\/salsanueva\/2017\/01\/08\/dimanche-12-fevrier-stage-de-percussion-afro-cubaine-anime-aurelien-pecout\/"},"author":{"name":"Etoile Sportive Montoise","@id":"https:\/\/www.etoilesportivemontoise.fr\/salsanueva\/#\/schema\/person\/086018f55be7afba6497239267808ac7"},"headline":"Dimanche 12 f\u00e9vrier 2017 : Stage de percussion afro-cubaine anim\u00e9 par Aur\u00e9lien PECOUT","datePublished":"2017-01-08T18:04:20+00:00","dateModified":"2024-03-24T17:30:46+00:00","mainEntityOfPage":{"@id":"https:\/\/www.etoilesportivemontoise.fr\/salsanueva\/2017\/01\/08\/dimanche-12-fevrier-stage-de-percussion-afro-cubaine-anime-aurelien-pecout\/"},"wordCount":17,"image":{"@id":"https:\/\/www.etoilesportivemontoise.fr\/salsanueva\/2017\/01\/08\/dimanche-12-fevrier-stage-de-percussion-afro-cubaine-anime-aurelien-pecout\/#primaryimage"},"thumbnailUrl":"https:\/\/www.etoilesportivemontoise.fr\/content\/uploads\/sites\/8\/2017\/01\/Percu-12-f\u00e9vrier.jpg","articleSection":["Actualit\u00e9s","Stages"],"inLanguage":"fr-FR"},{"@type":"WebPage","@id":"https:\/\/www.etoilesportivemontoise.fr\/salsanueva\/2017\/01\/08\/dimanche-12-fevrier-stage-de-percussion-afro-cubaine-anime-aurelien-pecout\/","url":"https:\/\/www.etoilesportivemontoise.fr\/salsanueva\/2017\/01\/08\/dimanche-12-fevrier-stage-de-percussion-afro-cubaine-anime-aurelien-pecout\/","name":"Dimanche 12 f\u00e9vrier 2017 : Stage de percussion afro-cubaine anim\u00e9 par Aur\u00e9lien PECOUT - ESM Salsanueva","isPartOf":{"@id":"https:\/\/www.etoilesportivemontoise.fr\/salsanueva\/#website"},"primaryImageOfPage":{"@id":"https:\/\/www.etoilesportivemontoise.fr\/salsanueva\/2017\/01\/08\/dimanche-12-fevrier-stage-de-percussion-afro-cubaine-anime-aurelien-pecout\/#primaryimage"},"image":{"@id":"https:\/\/www.etoilesportivemontoise.fr\/salsanueva\/2017\/01\/08\/dimanche-12-fevrier-stage-de-percussion-afro-cubaine-anime-aurelien-pecout\/#primaryimage"},"thumbnailUrl":"https:\/\/www.etoilesportivemontoise.fr\/content\/uploads\/sites\/8\/2017\/01\/Percu-12-f\u00e9vrier.jpg","datePublished":"2017-01-08T18:04:20+00:00","dateModified":"2024-03-24T17:30:46+00:00","author":{"@id":"https:\/\/www.etoilesportivemontoise.fr\/salsanueva\/#\/schema\/person\/086018f55be7afba6497239267808ac7"},"breadcrumb":{"@id":"https:\/\/www.etoilesportivemontoise.fr\/salsanueva\/2017\/01\/08\/dimanche-12-fevrier-stage-de-percussion-afro-cubaine-anime-aurelien-pecout\/#breadcrumb"},"inLanguage":"fr-FR","potentialAction":[{"@type":"ReadAction","target":["https:\/\/www.etoilesportivemontoise.fr\/salsanueva\/2017\/01\/08\/dimanche-12-fevrier-stage-de-percussion-afro-cubaine-anime-aurelien-pecout\/"]}]},{"@type":"ImageObject","inLanguage":"fr-FR","@id":"https:\/\/www.etoilesportivemontoise.fr\/salsanueva\/2017\/01\/08\/dimanche-12-fevrier-stage-de-percussion-afro-cubaine-anime-aurelien-pecout\/#primaryimage","url":"https:\/\/www.etoilesportivemontoise.fr\/content\/uploads\/sites\/8\/2017\/01\/Percu-12-f\u00e9vrier.jpg","contentUrl":"https:\/\/www.etoilesportivemontoise.fr\/content\/uploads\/sites\/8\/2017\/01\/Percu-12-f\u00e9vrier.jpg","width":960,"height":720},{"@type":"BreadcrumbList","@id":"https:\/\/www.etoilesportivemontoise.fr\/salsanueva\/2017\/01\/08\/dimanche-12-fevrier-stage-de-percussion-afro-cubaine-anime-aurelien-pecout\/#breadcrumb","itemListElement":[{"@type":"ListItem","position":1,"name":"Accueil","item":"https:\/\/www.etoilesportivemontoise.fr\/salsanueva\/"},{"@type":"ListItem","position":2,"name":"Dimanche 12 f\u00e9vrier 2017 : Stage de percussion afro-cubaine anim\u00e9 par Aur\u00e9lien PECOUT"}]},{"@type":"WebSite","@id":"https:\/\/www.etoilesportivemontoise.fr\/salsanueva\/#website","url":"https:\/\/www.etoilesportivemontoise.fr\/salsanueva\/","name":"ESM Salsanueva","description":"Salsa, Bachata, Kizomba Mont de Marsan","potentialAction":[{"@type":"SearchAction","target":{"@type":"EntryPoint","urlTemplate":"https:\/\/www.etoilesportivemontoise.fr\/salsanueva\/?s={search_term_string}"},"query-input":{"@type":"PropertyValueSpecification","valueRequired":true,"valueName":"search_term_string"}}],"inLanguage":"fr-FR"},{"@type":"Person","@id":"https:\/\/www.etoilesportivemontoise.fr\/salsanueva\/#\/schema\/person\/086018f55be7afba6497239267808ac7","name":"Etoile Sportive Montoise","image":{"@type":"ImageObject","inLanguage":"fr-FR","@id":"https:\/\/secure.gravatar.com\/avatar\/d8bc9e65811140f45b582330fd33b5b51b3271be8ec53b6731b9baa947fd2274?s=96&d=mm&r=g","url":"https:\/\/secure.gravatar.com\/avatar\/d8bc9e65811140f45b582330fd33b5b51b3271be8ec53b6731b9baa947fd2274?s=96&d=mm&r=g","contentUrl":"https:\/\/secure.gravatar.com\/avatar\/d8bc9e65811140f45b582330fd33b5b51b3271be8ec53b6731b9baa947fd2274?s=96&d=mm&r=g","caption":"Etoile Sportive Montoise"},"url":"https:\/\/www.etoilesportivemontoise.fr\/salsanueva\/aka\/f187ac93935e960922bc7af0b852b8ae6fd33f67\/"}]}},"_links":{"self":[{"href":"https:\/\/www.etoilesportivemontoise.fr\/salsanueva\/wp-json\/wp\/v2\/posts\/4824","targetHints":{"allow":["GET"]}}],"collection":[{"href":"https:\/\/www.etoilesportivemontoise.fr\/salsanueva\/wp-json\/wp\/v2\/posts"}],"about":[{"href":"https:\/\/www.etoilesportivemontoise.fr\/salsanueva\/wp-json\/wp\/v2\/types\/post"}],"author":[{"embeddable":true,"href":"https:\/\/www.etoilesportivemontoise.fr\/salsanueva\/wp-json\/wp\/v2\/users\/26"}],"replies":[{"embeddable":true,"href":"https:\/\/www.etoilesportivemontoise.fr\/salsanueva\/wp-json\/wp\/v2\/comments?post=4824"}],"version-history":[{"count":2,"href":"https:\/\/www.etoilesportivemontoise.fr\/salsanueva\/wp-json\/wp\/v2\/posts\/4824\/revisions"}],"predecessor-version":[{"id":5364,"href":"https:\/\/www.etoilesportivemontoise.fr\/salsanueva\/wp-json\/wp\/v2\/posts\/4824\/revisions\/5364"}],"wp:featuredmedia":[{"embeddable":true,"href":"https:\/\/www.etoilesportivemontoise.fr\/salsanueva\/wp-json\/wp\/v2\/media\/4825"}],"wp:attachment":[{"href":"https:\/\/www.etoilesportivemontoise.fr\/salsanueva\/wp-json\/wp\/v2\/media?parent=4824"}],"wp:term":[{"taxonomy":"category","embeddable":true,"href":"https:\/\/www.etoilesportivemontoise.fr\/salsanueva\/wp-json\/wp\/v2\/categories?post=4824"},{"taxonomy":"post_tag","embeddable":true,"href":"https:\/\/www.etoilesportivemontoise.fr\/salsanueva\/wp-json\/wp\/v2\/tags?post=4824"}],"curies":[{"name":"wp","href":"https:\/\/api.w.org\/{rel}","templated":true}]}}