{"id":5549,"date":"2022-09-07T10:55:41","date_gmt":"2022-09-07T10:55:41","guid":{"rendered":"https:\/\/www.etoilesportivemontoise.fr\/salsanueva\/?p=5549"},"modified":"2024-03-24T17:30:32","modified_gmt":"2024-03-24T17:30:32","slug":"premier-trimestre-2022-cours-de-salsa-le-vendredi-avec-alex-gonzalez","status":"publish","type":"post","link":"https:\/\/www.etoilesportivemontoise.fr\/salsanueva\/2022\/09\/07\/premier-trimestre-2022-cours-de-salsa-le-vendredi-avec-alex-gonzalez\/","title":{"rendered":"Premier trimestre 2022\/2023 : cours de salsa le vendredi avec Alex Gonzalez"},"content":{"rendered":"<section class=\"wpb-content-wrapper\">[vc_row row_type=\u00a0\u00bbrow\u00a0\u00bb text_align=\u00a0\u00bbleft\u00a0\u00bb css_animation=\u00a0\u00bb\u00a0\u00bb][vc_column][vc_column_text]\n<div class=\"\" dir=\"auto\">\n<div id=\"jsc_c_3nr\" class=\"d2hqwtrz r227ecj6 ez8dtbzv gt60zsk1\" data-ad-comet-preview=\"message\" data-ad-preview=\"message\">\n<div class=\"alzwoclg cqf1kptm siwo0mpr gu5uzgus\">\n<div class=\"jroqu855 nthtkgg5\">\n<div class=\"m8h3af8h l7ghb35v kjdc1dyq kmwttqpk gh25dzvf n3t5jt4f\">\n<div dir=\"auto\">Nous avons le plaisir de vous pr\u00e9senter le 1er prof qui donnera des cours le vendredi : Alex Gonzalez<\/div>\n<div dir=\"auto\"><\/div>\n<\/div>\n<div class=\"l7ghb35v kjdc1dyq kmwttqpk gh25dzvf jikcssrz n3t5jt4f\">\n<div dir=\"auto\">Il sera pr\u00e9sent tout le premier trimestre, de septembre \u00e0 d\u00e9cembre (10 semaines de cours).<\/div>\n<\/div>\n<div dir=\"auto\"><\/div>\n<div class=\"l7ghb35v kjdc1dyq kmwttqpk gh25dzvf jikcssrz n3t5jt4f\">\n<div dir=\"auto\">Au programme des cours de salsa cubaine interm\u00e9diaire et avanc\u00e9, et un atelier rueda. <span class=\"fxk3tzhb b2rh1bv3 gh55jysx m8h3af8h ewco64xe kjdc1dyq ms56khn7 bq6c9xl4 eohcrkr5 akh3l2rg\"><img loading=\"lazy\" decoding=\"async\" src=\"https:\/\/static.xx.fbcdn.net\/images\/emoji.php\/v9\/t2\/1\/16\/1f483_1f3fb.png\" alt=\"\ud83d\udc83\ud83c\udffb\" width=\"16\" height=\"16\" \/><\/span><\/div>\n<\/div>\n<div dir=\"auto\"><\/div>\n<div class=\"l7ghb35v kjdc1dyq kmwttqpk gh25dzvf jikcssrz n3t5jt4f\">\n<div dir=\"auto\">Si vous avez des bases en salsa cubaine et que vous souhaitez progresser c\u2019est l\u2019occasion \u00e0 ne pas manquer <span class=\"fxk3tzhb b2rh1bv3 gh55jysx m8h3af8h ewco64xe kjdc1dyq ms56khn7 bq6c9xl4 eohcrkr5 akh3l2rg\"><img loading=\"lazy\" decoding=\"async\" src=\"https:\/\/static.xx.fbcdn.net\/images\/emoji.php\/v9\/t57\/1\/16\/1f609.png\" alt=\"\ud83d\ude09\" width=\"16\" height=\"16\" \/><\/span><\/div>\n<div dir=\"auto\"><\/div>\n<\/div>\n<div class=\"l7ghb35v kjdc1dyq kmwttqpk gh25dzvf jikcssrz n3t5jt4f\">\n<div dir=\"auto\">Alors venez nombreux !!<\/div>\n<div dir=\"auto\"><\/div>\n<div dir=\"auto\">A gozar a disfrutar y a bailar!!<\/div>\n<div dir=\"auto\">A\u00efnama<\/div>\n<\/div>\n<\/div>\n<\/div>\n<\/div>\n<\/div>\n[\/vc_column_text][\/vc_column][\/vc_row]\n<\/section>","protected":false},"excerpt":{"rendered":"<p>[vc_row row_type=\u00a0\u00bbrow\u00a0\u00bb text_align=\u00a0\u00bbleft\u00a0\u00bb css_animation=\u00a0\u00bb\u00a0\u00bb][vc_column][vc_column_text] Nous avons le plaisir de vous pr\u00e9senter le 1er prof qui donnera des cours le vendredi : Alex Gonzalez Il sera pr\u00e9sent tout le premier trimestre, de septembre \u00e0 d\u00e9cembre (10 semaines de cours). Au programme des cours de salsa cubaine&#8230;<\/p>\n","protected":false},"author":35,"featured_media":5550,"comment_status":"closed","ping_status":"closed","sticky":false,"template":"","format":"standard","meta":{"footnotes":""},"categories":[3],"tags":[],"class_list":["post-5549","post","type-post","status-publish","format-standard","has-post-thumbnail","hentry","category-actualites"],"yoast_head":"<!-- This site is optimized with the Yoast SEO plugin v27.3 - https:\/\/yoast.com\/product\/yoast-seo-wordpress\/ -->\n<title>Premier trimestre 2022\/2023 : cours de salsa le vendredi avec Alex Gonzalez - ESM Salsanueva<\/title>\n<meta name=\"robots\" content=\"index, follow, max-snippet:-1, max-image-preview:large, max-video-preview:-1\" \/>\n<link rel=\"canonical\" href=\"https:\/\/www.etoilesportivemontoise.fr\/salsanueva\/2022\/09\/07\/premier-trimestre-2022-cours-de-salsa-le-vendredi-avec-alex-gonzalez\/\" \/>\n<meta property=\"og:locale\" content=\"fr_FR\" \/>\n<meta property=\"og:type\" content=\"article\" \/>\n<meta property=\"og:title\" content=\"Premier trimestre 2022\/2023 : cours de salsa le vendredi avec Alex Gonzalez - ESM Salsanueva\" \/>\n<meta property=\"og:description\" content=\"[vc_row row_type=\u00a0\u00bbrow\u00a0\u00bb text_align=\u00a0\u00bbleft\u00a0\u00bb css_animation=\u00a0\u00bb\u00a0\u00bb][vc_column][vc_column_text] Nous avons le plaisir de vous pr\u00e9senter le 1er prof qui donnera des cours le vendredi : Alex Gonzalez Il sera pr\u00e9sent tout le premier trimestre, de septembre \u00e0 d\u00e9cembre (10 semaines de cours). Au programme des cours de salsa cubaine...\" \/>\n<meta property=\"og:url\" content=\"https:\/\/www.etoilesportivemontoise.fr\/salsanueva\/2022\/09\/07\/premier-trimestre-2022-cours-de-salsa-le-vendredi-avec-alex-gonzalez\/\" \/>\n<meta property=\"og:site_name\" content=\"ESM Salsanueva\" \/>\n<meta property=\"article:author\" content=\"https:\/\/www.facebook.com\/esm.salsanueva\" \/>\n<meta property=\"article:published_time\" content=\"2022-09-07T10:55:41+00:00\" \/>\n<meta property=\"article:modified_time\" content=\"2024-03-24T17:30:32+00:00\" \/>\n<meta property=\"og:image\" content=\"https:\/\/www.etoilesportivemontoise.fr\/content\/uploads\/sites\/8\/2022\/09\/301633367_1895577653981740_4339992075457398321_n.jpg\" \/>\n\t<meta property=\"og:image:width\" content=\"1414\" \/>\n\t<meta property=\"og:image:height\" content=\"2000\" \/>\n\t<meta property=\"og:image:type\" content=\"image\/jpeg\" \/>\n<meta name=\"author\" content=\"salsanueva\" \/>\n<meta name=\"twitter:label1\" content=\"\u00c9crit par\" \/>\n\t<meta name=\"twitter:data1\" content=\"salsanueva\" \/>\n\t<meta name=\"twitter:label2\" content=\"Dur\u00e9e de lecture estim\u00e9e\" \/>\n\t<meta name=\"twitter:data2\" content=\"1 minute\" \/>\n<script type=\"application\/ld+json\" class=\"yoast-schema-graph\">{\"@context\":\"https:\\\/\\\/schema.org\",\"@graph\":[{\"@type\":\"Article\",\"@id\":\"https:\\\/\\\/www.etoilesportivemontoise.fr\\\/salsanueva\\\/2022\\\/09\\\/07\\\/premier-trimestre-2022-cours-de-salsa-le-vendredi-avec-alex-gonzalez\\\/#article\",\"isPartOf\":{\"@id\":\"https:\\\/\\\/www.etoilesportivemontoise.fr\\\/salsanueva\\\/2022\\\/09\\\/07\\\/premier-trimestre-2022-cours-de-salsa-le-vendredi-avec-alex-gonzalez\\\/\"},\"author\":{\"name\":\"salsanueva\",\"@id\":\"https:\\\/\\\/www.etoilesportivemontoise.fr\\\/salsanueva\\\/#\\\/schema\\\/person\\\/381e1de7e691ef3bb548581f720cc419\"},\"headline\":\"Premier trimestre 2022\\\/2023 : cours de salsa le vendredi avec Alex Gonzalez\",\"datePublished\":\"2022-09-07T10:55:41+00:00\",\"dateModified\":\"2024-03-24T17:30:32+00:00\",\"mainEntityOfPage\":{\"@id\":\"https:\\\/\\\/www.etoilesportivemontoise.fr\\\/salsanueva\\\/2022\\\/09\\\/07\\\/premier-trimestre-2022-cours-de-salsa-le-vendredi-avec-alex-gonzalez\\\/\"},\"wordCount\":113,\"image\":{\"@id\":\"https:\\\/\\\/www.etoilesportivemontoise.fr\\\/salsanueva\\\/2022\\\/09\\\/07\\\/premier-trimestre-2022-cours-de-salsa-le-vendredi-avec-alex-gonzalez\\\/#primaryimage\"},\"thumbnailUrl\":\"https:\\\/\\\/www.etoilesportivemontoise.fr\\\/content\\\/uploads\\\/sites\\\/8\\\/2022\\\/09\\\/301633367_1895577653981740_4339992075457398321_n.jpg\",\"articleSection\":[\"Actualit\u00e9s\"],\"inLanguage\":\"fr-FR\"},{\"@type\":\"WebPage\",\"@id\":\"https:\\\/\\\/www.etoilesportivemontoise.fr\\\/salsanueva\\\/2022\\\/09\\\/07\\\/premier-trimestre-2022-cours-de-salsa-le-vendredi-avec-alex-gonzalez\\\/\",\"url\":\"https:\\\/\\\/www.etoilesportivemontoise.fr\\\/salsanueva\\\/2022\\\/09\\\/07\\\/premier-trimestre-2022-cours-de-salsa-le-vendredi-avec-alex-gonzalez\\\/\",\"name\":\"Premier trimestre 2022\\\/2023 : cours de salsa le vendredi avec Alex Gonzalez - ESM Salsanueva\",\"isPartOf\":{\"@id\":\"https:\\\/\\\/www.etoilesportivemontoise.fr\\\/salsanueva\\\/#website\"},\"primaryImageOfPage\":{\"@id\":\"https:\\\/\\\/www.etoilesportivemontoise.fr\\\/salsanueva\\\/2022\\\/09\\\/07\\\/premier-trimestre-2022-cours-de-salsa-le-vendredi-avec-alex-gonzalez\\\/#primaryimage\"},\"image\":{\"@id\":\"https:\\\/\\\/www.etoilesportivemontoise.fr\\\/salsanueva\\\/2022\\\/09\\\/07\\\/premier-trimestre-2022-cours-de-salsa-le-vendredi-avec-alex-gonzalez\\\/#primaryimage\"},\"thumbnailUrl\":\"https:\\\/\\\/www.etoilesportivemontoise.fr\\\/content\\\/uploads\\\/sites\\\/8\\\/2022\\\/09\\\/301633367_1895577653981740_4339992075457398321_n.jpg\",\"datePublished\":\"2022-09-07T10:55:41+00:00\",\"dateModified\":\"2024-03-24T17:30:32+00:00\",\"author\":{\"@id\":\"https:\\\/\\\/www.etoilesportivemontoise.fr\\\/salsanueva\\\/#\\\/schema\\\/person\\\/381e1de7e691ef3bb548581f720cc419\"},\"breadcrumb\":{\"@id\":\"https:\\\/\\\/www.etoilesportivemontoise.fr\\\/salsanueva\\\/2022\\\/09\\\/07\\\/premier-trimestre-2022-cours-de-salsa-le-vendredi-avec-alex-gonzalez\\\/#breadcrumb\"},\"inLanguage\":\"fr-FR\",\"potentialAction\":[{\"@type\":\"ReadAction\",\"target\":[\"https:\\\/\\\/www.etoilesportivemontoise.fr\\\/salsanueva\\\/2022\\\/09\\\/07\\\/premier-trimestre-2022-cours-de-salsa-le-vendredi-avec-alex-gonzalez\\\/\"]}]},{\"@type\":\"ImageObject\",\"inLanguage\":\"fr-FR\",\"@id\":\"https:\\\/\\\/www.etoilesportivemontoise.fr\\\/salsanueva\\\/2022\\\/09\\\/07\\\/premier-trimestre-2022-cours-de-salsa-le-vendredi-avec-alex-gonzalez\\\/#primaryimage\",\"url\":\"https:\\\/\\\/www.etoilesportivemontoise.fr\\\/content\\\/uploads\\\/sites\\\/8\\\/2022\\\/09\\\/301633367_1895577653981740_4339992075457398321_n.jpg\",\"contentUrl\":\"https:\\\/\\\/www.etoilesportivemontoise.fr\\\/content\\\/uploads\\\/sites\\\/8\\\/2022\\\/09\\\/301633367_1895577653981740_4339992075457398321_n.jpg\",\"width\":1414,\"height\":2000},{\"@type\":\"BreadcrumbList\",\"@id\":\"https:\\\/\\\/www.etoilesportivemontoise.fr\\\/salsanueva\\\/2022\\\/09\\\/07\\\/premier-trimestre-2022-cours-de-salsa-le-vendredi-avec-alex-gonzalez\\\/#breadcrumb\",\"itemListElement\":[{\"@type\":\"ListItem\",\"position\":1,\"name\":\"Accueil\",\"item\":\"https:\\\/\\\/www.etoilesportivemontoise.fr\\\/salsanueva\\\/\"},{\"@type\":\"ListItem\",\"position\":2,\"name\":\"Premier trimestre 2022\\\/2023 : cours de salsa le vendredi avec Alex Gonzalez\"}]},{\"@type\":\"WebSite\",\"@id\":\"https:\\\/\\\/www.etoilesportivemontoise.fr\\\/salsanueva\\\/#website\",\"url\":\"https:\\\/\\\/www.etoilesportivemontoise.fr\\\/salsanueva\\\/\",\"name\":\"ESM Salsanueva\",\"description\":\"Salsa, Bachata, Kizomba Mont de Marsan\",\"potentialAction\":[{\"@type\":\"SearchAction\",\"target\":{\"@type\":\"EntryPoint\",\"urlTemplate\":\"https:\\\/\\\/www.etoilesportivemontoise.fr\\\/salsanueva\\\/?s={search_term_string}\"},\"query-input\":{\"@type\":\"PropertyValueSpecification\",\"valueRequired\":true,\"valueName\":\"search_term_string\"}}],\"inLanguage\":\"fr-FR\"},{\"@type\":\"Person\",\"@id\":\"https:\\\/\\\/www.etoilesportivemontoise.fr\\\/salsanueva\\\/#\\\/schema\\\/person\\\/381e1de7e691ef3bb548581f720cc419\",\"name\":\"salsanueva\",\"image\":{\"@type\":\"ImageObject\",\"inLanguage\":\"fr-FR\",\"@id\":\"https:\\\/\\\/secure.gravatar.com\\\/avatar\\\/e4f9ec7c739a75336b4a2dc8a905febab0dd9992ff25a8cbf18cd312c26704cb?s=96&d=mm&r=g\",\"url\":\"https:\\\/\\\/secure.gravatar.com\\\/avatar\\\/e4f9ec7c739a75336b4a2dc8a905febab0dd9992ff25a8cbf18cd312c26704cb?s=96&d=mm&r=g\",\"contentUrl\":\"https:\\\/\\\/secure.gravatar.com\\\/avatar\\\/e4f9ec7c739a75336b4a2dc8a905febab0dd9992ff25a8cbf18cd312c26704cb?s=96&d=mm&r=g\",\"caption\":\"salsanueva\"},\"sameAs\":[\"https:\\\/\\\/www.facebook.com\\\/esm.salsanueva\",\"https:\\\/\\\/www.instagram.com\\\/salsanueva\\\/\"],\"url\":\"https:\\\/\\\/www.etoilesportivemontoise.fr\\\/salsanueva\\\/aka\\\/2db28d107ab7a57051e658a47919a184efdac3f9\\\/\"}]}<\/script>\n<!-- \/ Yoast SEO plugin. -->","yoast_head_json":{"title":"Premier trimestre 2022\/2023 : cours de salsa le vendredi avec Alex Gonzalez - ESM Salsanueva","robots":{"index":"index","follow":"follow","max-snippet":"max-snippet:-1","max-image-preview":"max-image-preview:large","max-video-preview":"max-video-preview:-1"},"canonical":"https:\/\/www.etoilesportivemontoise.fr\/salsanueva\/2022\/09\/07\/premier-trimestre-2022-cours-de-salsa-le-vendredi-avec-alex-gonzalez\/","og_locale":"fr_FR","og_type":"article","og_title":"Premier trimestre 2022\/2023 : cours de salsa le vendredi avec Alex Gonzalez - ESM Salsanueva","og_description":"[vc_row row_type=\u00a0\u00bbrow\u00a0\u00bb text_align=\u00a0\u00bbleft\u00a0\u00bb css_animation=\u00a0\u00bb\u00a0\u00bb][vc_column][vc_column_text] Nous avons le plaisir de vous pr\u00e9senter le 1er prof qui donnera des cours le vendredi : Alex Gonzalez Il sera pr\u00e9sent tout le premier trimestre, de septembre \u00e0 d\u00e9cembre (10 semaines de cours). Au programme des cours de salsa cubaine...","og_url":"https:\/\/www.etoilesportivemontoise.fr\/salsanueva\/2022\/09\/07\/premier-trimestre-2022-cours-de-salsa-le-vendredi-avec-alex-gonzalez\/","og_site_name":"ESM Salsanueva","article_author":"https:\/\/www.facebook.com\/esm.salsanueva","article_published_time":"2022-09-07T10:55:41+00:00","article_modified_time":"2024-03-24T17:30:32+00:00","og_image":[{"width":1414,"height":2000,"url":"https:\/\/www.etoilesportivemontoise.fr\/content\/uploads\/sites\/8\/2022\/09\/301633367_1895577653981740_4339992075457398321_n.jpg","type":"image\/jpeg"}],"author":"salsanueva","twitter_misc":{"\u00c9crit par":"salsanueva","Dur\u00e9e de lecture estim\u00e9e":"1 minute"},"schema":{"@context":"https:\/\/schema.org","@graph":[{"@type":"Article","@id":"https:\/\/www.etoilesportivemontoise.fr\/salsanueva\/2022\/09\/07\/premier-trimestre-2022-cours-de-salsa-le-vendredi-avec-alex-gonzalez\/#article","isPartOf":{"@id":"https:\/\/www.etoilesportivemontoise.fr\/salsanueva\/2022\/09\/07\/premier-trimestre-2022-cours-de-salsa-le-vendredi-avec-alex-gonzalez\/"},"author":{"name":"salsanueva","@id":"https:\/\/www.etoilesportivemontoise.fr\/salsanueva\/#\/schema\/person\/381e1de7e691ef3bb548581f720cc419"},"headline":"Premier trimestre 2022\/2023 : cours de salsa le vendredi avec Alex Gonzalez","datePublished":"2022-09-07T10:55:41+00:00","dateModified":"2024-03-24T17:30:32+00:00","mainEntityOfPage":{"@id":"https:\/\/www.etoilesportivemontoise.fr\/salsanueva\/2022\/09\/07\/premier-trimestre-2022-cours-de-salsa-le-vendredi-avec-alex-gonzalez\/"},"wordCount":113,"image":{"@id":"https:\/\/www.etoilesportivemontoise.fr\/salsanueva\/2022\/09\/07\/premier-trimestre-2022-cours-de-salsa-le-vendredi-avec-alex-gonzalez\/#primaryimage"},"thumbnailUrl":"https:\/\/www.etoilesportivemontoise.fr\/content\/uploads\/sites\/8\/2022\/09\/301633367_1895577653981740_4339992075457398321_n.jpg","articleSection":["Actualit\u00e9s"],"inLanguage":"fr-FR"},{"@type":"WebPage","@id":"https:\/\/www.etoilesportivemontoise.fr\/salsanueva\/2022\/09\/07\/premier-trimestre-2022-cours-de-salsa-le-vendredi-avec-alex-gonzalez\/","url":"https:\/\/www.etoilesportivemontoise.fr\/salsanueva\/2022\/09\/07\/premier-trimestre-2022-cours-de-salsa-le-vendredi-avec-alex-gonzalez\/","name":"Premier trimestre 2022\/2023 : cours de salsa le vendredi avec Alex Gonzalez - ESM Salsanueva","isPartOf":{"@id":"https:\/\/www.etoilesportivemontoise.fr\/salsanueva\/#website"},"primaryImageOfPage":{"@id":"https:\/\/www.etoilesportivemontoise.fr\/salsanueva\/2022\/09\/07\/premier-trimestre-2022-cours-de-salsa-le-vendredi-avec-alex-gonzalez\/#primaryimage"},"image":{"@id":"https:\/\/www.etoilesportivemontoise.fr\/salsanueva\/2022\/09\/07\/premier-trimestre-2022-cours-de-salsa-le-vendredi-avec-alex-gonzalez\/#primaryimage"},"thumbnailUrl":"https:\/\/www.etoilesportivemontoise.fr\/content\/uploads\/sites\/8\/2022\/09\/301633367_1895577653981740_4339992075457398321_n.jpg","datePublished":"2022-09-07T10:55:41+00:00","dateModified":"2024-03-24T17:30:32+00:00","author":{"@id":"https:\/\/www.etoilesportivemontoise.fr\/salsanueva\/#\/schema\/person\/381e1de7e691ef3bb548581f720cc419"},"breadcrumb":{"@id":"https:\/\/www.etoilesportivemontoise.fr\/salsanueva\/2022\/09\/07\/premier-trimestre-2022-cours-de-salsa-le-vendredi-avec-alex-gonzalez\/#breadcrumb"},"inLanguage":"fr-FR","potentialAction":[{"@type":"ReadAction","target":["https:\/\/www.etoilesportivemontoise.fr\/salsanueva\/2022\/09\/07\/premier-trimestre-2022-cours-de-salsa-le-vendredi-avec-alex-gonzalez\/"]}]},{"@type":"ImageObject","inLanguage":"fr-FR","@id":"https:\/\/www.etoilesportivemontoise.fr\/salsanueva\/2022\/09\/07\/premier-trimestre-2022-cours-de-salsa-le-vendredi-avec-alex-gonzalez\/#primaryimage","url":"https:\/\/www.etoilesportivemontoise.fr\/content\/uploads\/sites\/8\/2022\/09\/301633367_1895577653981740_4339992075457398321_n.jpg","contentUrl":"https:\/\/www.etoilesportivemontoise.fr\/content\/uploads\/sites\/8\/2022\/09\/301633367_1895577653981740_4339992075457398321_n.jpg","width":1414,"height":2000},{"@type":"BreadcrumbList","@id":"https:\/\/www.etoilesportivemontoise.fr\/salsanueva\/2022\/09\/07\/premier-trimestre-2022-cours-de-salsa-le-vendredi-avec-alex-gonzalez\/#breadcrumb","itemListElement":[{"@type":"ListItem","position":1,"name":"Accueil","item":"https:\/\/www.etoilesportivemontoise.fr\/salsanueva\/"},{"@type":"ListItem","position":2,"name":"Premier trimestre 2022\/2023 : cours de salsa le vendredi avec Alex Gonzalez"}]},{"@type":"WebSite","@id":"https:\/\/www.etoilesportivemontoise.fr\/salsanueva\/#website","url":"https:\/\/www.etoilesportivemontoise.fr\/salsanueva\/","name":"ESM Salsanueva","description":"Salsa, Bachata, Kizomba Mont de Marsan","potentialAction":[{"@type":"SearchAction","target":{"@type":"EntryPoint","urlTemplate":"https:\/\/www.etoilesportivemontoise.fr\/salsanueva\/?s={search_term_string}"},"query-input":{"@type":"PropertyValueSpecification","valueRequired":true,"valueName":"search_term_string"}}],"inLanguage":"fr-FR"},{"@type":"Person","@id":"https:\/\/www.etoilesportivemontoise.fr\/salsanueva\/#\/schema\/person\/381e1de7e691ef3bb548581f720cc419","name":"salsanueva","image":{"@type":"ImageObject","inLanguage":"fr-FR","@id":"https:\/\/secure.gravatar.com\/avatar\/e4f9ec7c739a75336b4a2dc8a905febab0dd9992ff25a8cbf18cd312c26704cb?s=96&d=mm&r=g","url":"https:\/\/secure.gravatar.com\/avatar\/e4f9ec7c739a75336b4a2dc8a905febab0dd9992ff25a8cbf18cd312c26704cb?s=96&d=mm&r=g","contentUrl":"https:\/\/secure.gravatar.com\/avatar\/e4f9ec7c739a75336b4a2dc8a905febab0dd9992ff25a8cbf18cd312c26704cb?s=96&d=mm&r=g","caption":"salsanueva"},"sameAs":["https:\/\/www.facebook.com\/esm.salsanueva","https:\/\/www.instagram.com\/salsanueva\/"],"url":"https:\/\/www.etoilesportivemontoise.fr\/salsanueva\/aka\/2db28d107ab7a57051e658a47919a184efdac3f9\/"}]}},"_links":{"self":[{"href":"https:\/\/www.etoilesportivemontoise.fr\/salsanueva\/wp-json\/wp\/v2\/posts\/5549","targetHints":{"allow":["GET"]}}],"collection":[{"href":"https:\/\/www.etoilesportivemontoise.fr\/salsanueva\/wp-json\/wp\/v2\/posts"}],"about":[{"href":"https:\/\/www.etoilesportivemontoise.fr\/salsanueva\/wp-json\/wp\/v2\/types\/post"}],"author":[{"embeddable":true,"href":"https:\/\/www.etoilesportivemontoise.fr\/salsanueva\/wp-json\/wp\/v2\/users\/35"}],"replies":[{"embeddable":true,"href":"https:\/\/www.etoilesportivemontoise.fr\/salsanueva\/wp-json\/wp\/v2\/comments?post=5549"}],"version-history":[{"count":2,"href":"https:\/\/www.etoilesportivemontoise.fr\/salsanueva\/wp-json\/wp\/v2\/posts\/5549\/revisions"}],"predecessor-version":[{"id":5587,"href":"https:\/\/www.etoilesportivemontoise.fr\/salsanueva\/wp-json\/wp\/v2\/posts\/5549\/revisions\/5587"}],"wp:featuredmedia":[{"embeddable":true,"href":"https:\/\/www.etoilesportivemontoise.fr\/salsanueva\/wp-json\/wp\/v2\/media\/5550"}],"wp:attachment":[{"href":"https:\/\/www.etoilesportivemontoise.fr\/salsanueva\/wp-json\/wp\/v2\/media?parent=5549"}],"wp:term":[{"taxonomy":"category","embeddable":true,"href":"https:\/\/www.etoilesportivemontoise.fr\/salsanueva\/wp-json\/wp\/v2\/categories?post=5549"},{"taxonomy":"post_tag","embeddable":true,"href":"https:\/\/www.etoilesportivemontoise.fr\/salsanueva\/wp-json\/wp\/v2\/tags?post=5549"}],"curies":[{"name":"wp","href":"https:\/\/api.w.org\/{rel}","templated":true}]}}