{"id":3891,"date":"2016-04-25T19:11:47","date_gmt":"2016-04-25T19:11:47","guid":{"rendered":"http:\/\/www.etoilesportivemontoise.fr\/tennis\/?p=3891"},"modified":"2024-03-24T17:24:02","modified_gmt":"2024-03-24T17:24:02","slug":"format-violet-cetait-mercredi-dernier","status":"publish","type":"post","link":"https:\/\/www.etoilesportivemontoise.fr\/tennis\/2016\/04\/25\/format-violet-cetait-mercredi-dernier\/","title":{"rendered":"Format Violet, c&rsquo;\u00e9tait mercredi dernier"},"content":{"rendered":"<p>Tr\u00e8s belle apr\u00e8s-midi sur le court de tennis de l&rsquo;argent\u00e9 pour nos tr\u00e8s jeunes 4\/5 et 6 ans avec des petits ateliers ludiques. Merci \u00e0 Jean Guy pour avoir organis\u00e9 cette apr\u00e8s-midi, aid\u00e9 par les \u00e9ducateurs stellistes, de St Pierre du Mont et de St Perdon.<\/p>\n<p><a href=\"http:\/\/www.etoilesportivemontoise.fr\/content\/uploads\/sites\/6\/2016\/04\/20160420_153135.jpg\" rel=\"attachment wp-att-3892\"><img loading=\"lazy\" decoding=\"async\" class=\"alignnone size-medium wp-image-3892\" src=\"http:\/\/www.etoilesportivemontoise.fr\/content\/uploads\/sites\/6\/2016\/04\/20160420_153135-300x169.jpg\" alt=\"20160420_153135\" width=\"300\" height=\"169\" srcset=\"https:\/\/www.etoilesportivemontoise.fr\/content\/uploads\/sites\/6\/2016\/04\/20160420_153135-300x169.jpg 300w, https:\/\/www.etoilesportivemontoise.fr\/content\/uploads\/sites\/6\/2016\/04\/20160420_153135-768x432.jpg 768w, https:\/\/www.etoilesportivemontoise.fr\/content\/uploads\/sites\/6\/2016\/04\/20160420_153135-1024x576.jpg 1024w\" sizes=\"auto, (max-width: 300px) 100vw, 300px\" \/><\/a> <a href=\"http:\/\/www.etoilesportivemontoise.fr\/content\/uploads\/sites\/6\/2016\/04\/20160420_153150.jpg\" rel=\"attachment wp-att-3893\"><img loading=\"lazy\" decoding=\"async\" class=\"alignnone size-medium wp-image-3893\" src=\"http:\/\/www.etoilesportivemontoise.fr\/content\/uploads\/sites\/6\/2016\/04\/20160420_153150-300x169.jpg\" alt=\"20160420_153150\" width=\"300\" height=\"169\" srcset=\"https:\/\/www.etoilesportivemontoise.fr\/content\/uploads\/sites\/6\/2016\/04\/20160420_153150-300x169.jpg 300w, https:\/\/www.etoilesportivemontoise.fr\/content\/uploads\/sites\/6\/2016\/04\/20160420_153150-768x432.jpg 768w, https:\/\/www.etoilesportivemontoise.fr\/content\/uploads\/sites\/6\/2016\/04\/20160420_153150-1024x576.jpg 1024w\" sizes=\"auto, (max-width: 300px) 100vw, 300px\" \/><\/a> <a href=\"http:\/\/www.etoilesportivemontoise.fr\/content\/uploads\/sites\/6\/2016\/04\/20160420_153155.jpg\" rel=\"attachment wp-att-3894\"><img loading=\"lazy\" decoding=\"async\" class=\"alignnone size-medium wp-image-3894\" src=\"http:\/\/www.etoilesportivemontoise.fr\/content\/uploads\/sites\/6\/2016\/04\/20160420_153155-300x169.jpg\" alt=\"20160420_153155\" width=\"300\" height=\"169\" srcset=\"https:\/\/www.etoilesportivemontoise.fr\/content\/uploads\/sites\/6\/2016\/04\/20160420_153155-300x169.jpg 300w, https:\/\/www.etoilesportivemontoise.fr\/content\/uploads\/sites\/6\/2016\/04\/20160420_153155-768x432.jpg 768w, https:\/\/www.etoilesportivemontoise.fr\/content\/uploads\/sites\/6\/2016\/04\/20160420_153155-1024x576.jpg 1024w\" sizes=\"auto, (max-width: 300px) 100vw, 300px\" \/><\/a> <a href=\"http:\/\/www.etoilesportivemontoise.fr\/content\/uploads\/sites\/6\/2016\/04\/20160420_153253.jpg\" rel=\"attachment wp-att-3895\"><img loading=\"lazy\" decoding=\"async\" class=\"alignnone size-medium wp-image-3895\" src=\"http:\/\/www.etoilesportivemontoise.fr\/content\/uploads\/sites\/6\/2016\/04\/20160420_153253-300x169.jpg\" alt=\"20160420_153253\" width=\"300\" height=\"169\" srcset=\"https:\/\/www.etoilesportivemontoise.fr\/content\/uploads\/sites\/6\/2016\/04\/20160420_153253-300x169.jpg 300w, https:\/\/www.etoilesportivemontoise.fr\/content\/uploads\/sites\/6\/2016\/04\/20160420_153253-768x432.jpg 768w, https:\/\/www.etoilesportivemontoise.fr\/content\/uploads\/sites\/6\/2016\/04\/20160420_153253-1024x576.jpg 1024w\" sizes=\"auto, (max-width: 300px) 100vw, 300px\" \/><\/a> <a href=\"http:\/\/www.etoilesportivemontoise.fr\/content\/uploads\/sites\/6\/2016\/04\/20160420_153256.jpg\" rel=\"attachment wp-att-3896\"><img loading=\"lazy\" decoding=\"async\" class=\"alignnone size-medium wp-image-3896\" src=\"http:\/\/www.etoilesportivemontoise.fr\/content\/uploads\/sites\/6\/2016\/04\/20160420_153256-300x169.jpg\" alt=\"20160420_153256\" width=\"300\" height=\"169\" srcset=\"https:\/\/www.etoilesportivemontoise.fr\/content\/uploads\/sites\/6\/2016\/04\/20160420_153256-300x169.jpg 300w, https:\/\/www.etoilesportivemontoise.fr\/content\/uploads\/sites\/6\/2016\/04\/20160420_153256-768x432.jpg 768w, https:\/\/www.etoilesportivemontoise.fr\/content\/uploads\/sites\/6\/2016\/04\/20160420_153256-1024x576.jpg 1024w\" sizes=\"auto, (max-width: 300px) 100vw, 300px\" \/><\/a> <a href=\"http:\/\/www.etoilesportivemontoise.fr\/content\/uploads\/sites\/6\/2016\/04\/20160420_153300.jpg\" rel=\"attachment wp-att-3897\"><img loading=\"lazy\" decoding=\"async\" class=\"alignnone size-medium wp-image-3897\" src=\"http:\/\/www.etoilesportivemontoise.fr\/content\/uploads\/sites\/6\/2016\/04\/20160420_153300-300x169.jpg\" alt=\"20160420_153300\" width=\"300\" height=\"169\" srcset=\"https:\/\/www.etoilesportivemontoise.fr\/content\/uploads\/sites\/6\/2016\/04\/20160420_153300-300x169.jpg 300w, https:\/\/www.etoilesportivemontoise.fr\/content\/uploads\/sites\/6\/2016\/04\/20160420_153300-768x432.jpg 768w, https:\/\/www.etoilesportivemontoise.fr\/content\/uploads\/sites\/6\/2016\/04\/20160420_153300-1024x576.jpg 1024w\" sizes=\"auto, (max-width: 300px) 100vw, 300px\" \/><\/a> <a href=\"http:\/\/www.etoilesportivemontoise.fr\/content\/uploads\/sites\/6\/2016\/04\/20160420_153306.jpg\" rel=\"attachment wp-att-3898\"><img loading=\"lazy\" decoding=\"async\" class=\"alignnone size-medium wp-image-3898\" src=\"http:\/\/www.etoilesportivemontoise.fr\/content\/uploads\/sites\/6\/2016\/04\/20160420_153306-300x169.jpg\" alt=\"20160420_153306\" width=\"300\" height=\"169\" srcset=\"https:\/\/www.etoilesportivemontoise.fr\/content\/uploads\/sites\/6\/2016\/04\/20160420_153306-300x169.jpg 300w, https:\/\/www.etoilesportivemontoise.fr\/content\/uploads\/sites\/6\/2016\/04\/20160420_153306-768x432.jpg 768w, https:\/\/www.etoilesportivemontoise.fr\/content\/uploads\/sites\/6\/2016\/04\/20160420_153306-1024x576.jpg 1024w\" sizes=\"auto, (max-width: 300px) 100vw, 300px\" \/><\/a> <a href=\"http:\/\/www.etoilesportivemontoise.fr\/content\/uploads\/sites\/6\/2016\/04\/20160420_153405.jpg\" rel=\"attachment wp-att-3899\"><img loading=\"lazy\" decoding=\"async\" class=\"alignnone size-medium wp-image-3899\" src=\"http:\/\/www.etoilesportivemontoise.fr\/content\/uploads\/sites\/6\/2016\/04\/20160420_153405-300x169.jpg\" alt=\"20160420_153405\" width=\"300\" height=\"169\" srcset=\"https:\/\/www.etoilesportivemontoise.fr\/content\/uploads\/sites\/6\/2016\/04\/20160420_153405-300x169.jpg 300w, https:\/\/www.etoilesportivemontoise.fr\/content\/uploads\/sites\/6\/2016\/04\/20160420_153405-768x432.jpg 768w, https:\/\/www.etoilesportivemontoise.fr\/content\/uploads\/sites\/6\/2016\/04\/20160420_153405-1024x576.jpg 1024w\" sizes=\"auto, (max-width: 300px) 100vw, 300px\" \/><\/a> <a href=\"http:\/\/www.etoilesportivemontoise.fr\/content\/uploads\/sites\/6\/2016\/04\/20160420_153422.jpg\" rel=\"attachment wp-att-3900\"><img loading=\"lazy\" decoding=\"async\" class=\"alignnone size-medium wp-image-3900\" src=\"http:\/\/www.etoilesportivemontoise.fr\/content\/uploads\/sites\/6\/2016\/04\/20160420_153422-300x169.jpg\" alt=\"20160420_153422\" width=\"300\" height=\"169\" srcset=\"https:\/\/www.etoilesportivemontoise.fr\/content\/uploads\/sites\/6\/2016\/04\/20160420_153422-300x169.jpg 300w, https:\/\/www.etoilesportivemontoise.fr\/content\/uploads\/sites\/6\/2016\/04\/20160420_153422-768x432.jpg 768w, https:\/\/www.etoilesportivemontoise.fr\/content\/uploads\/sites\/6\/2016\/04\/20160420_153422-1024x576.jpg 1024w\" sizes=\"auto, (max-width: 300px) 100vw, 300px\" \/><\/a> <a href=\"http:\/\/www.etoilesportivemontoise.fr\/content\/uploads\/sites\/6\/2016\/04\/20160420_153426.jpg\" rel=\"attachment wp-att-3901\"><img loading=\"lazy\" decoding=\"async\" class=\"alignnone size-medium wp-image-3901\" src=\"http:\/\/www.etoilesportivemontoise.fr\/content\/uploads\/sites\/6\/2016\/04\/20160420_153426-300x169.jpg\" alt=\"20160420_153426\" width=\"300\" height=\"169\" srcset=\"https:\/\/www.etoilesportivemontoise.fr\/content\/uploads\/sites\/6\/2016\/04\/20160420_153426-300x169.jpg 300w, https:\/\/www.etoilesportivemontoise.fr\/content\/uploads\/sites\/6\/2016\/04\/20160420_153426-768x432.jpg 768w, https:\/\/www.etoilesportivemontoise.fr\/content\/uploads\/sites\/6\/2016\/04\/20160420_153426-1024x576.jpg 1024w\" sizes=\"auto, (max-width: 300px) 100vw, 300px\" \/><\/a> <a href=\"http:\/\/www.etoilesportivemontoise.fr\/content\/uploads\/sites\/6\/2016\/04\/20160420_155315.jpg\" rel=\"attachment wp-att-3902\"><img loading=\"lazy\" decoding=\"async\" class=\"alignnone size-medium wp-image-3902\" src=\"http:\/\/www.etoilesportivemontoise.fr\/content\/uploads\/sites\/6\/2016\/04\/20160420_155315-300x169.jpg\" alt=\"20160420_155315\" width=\"300\" height=\"169\" srcset=\"https:\/\/www.etoilesportivemontoise.fr\/content\/uploads\/sites\/6\/2016\/04\/20160420_155315-300x169.jpg 300w, https:\/\/www.etoilesportivemontoise.fr\/content\/uploads\/sites\/6\/2016\/04\/20160420_155315-768x432.jpg 768w, https:\/\/www.etoilesportivemontoise.fr\/content\/uploads\/sites\/6\/2016\/04\/20160420_155315-1024x576.jpg 1024w\" sizes=\"auto, (max-width: 300px) 100vw, 300px\" \/><\/a> <a href=\"http:\/\/www.etoilesportivemontoise.fr\/content\/uploads\/sites\/6\/2016\/04\/20160420_155323.jpg\" rel=\"attachment wp-att-3903\"><img loading=\"lazy\" decoding=\"async\" class=\"alignnone size-medium wp-image-3903\" src=\"http:\/\/www.etoilesportivemontoise.fr\/content\/uploads\/sites\/6\/2016\/04\/20160420_155323-300x169.jpg\" alt=\"20160420_155323\" width=\"300\" height=\"169\" srcset=\"https:\/\/www.etoilesportivemontoise.fr\/content\/uploads\/sites\/6\/2016\/04\/20160420_155323-300x169.jpg 300w, https:\/\/www.etoilesportivemontoise.fr\/content\/uploads\/sites\/6\/2016\/04\/20160420_155323-768x432.jpg 768w, https:\/\/www.etoilesportivemontoise.fr\/content\/uploads\/sites\/6\/2016\/04\/20160420_155323-1024x576.jpg 1024w\" sizes=\"auto, (max-width: 300px) 100vw, 300px\" \/><\/a> <a href=\"http:\/\/www.etoilesportivemontoise.fr\/content\/uploads\/sites\/6\/2016\/04\/20160420_155328.jpg\" rel=\"attachment wp-att-3904\"><img loading=\"lazy\" decoding=\"async\" class=\"alignnone size-medium wp-image-3904\" src=\"http:\/\/www.etoilesportivemontoise.fr\/content\/uploads\/sites\/6\/2016\/04\/20160420_155328-300x169.jpg\" alt=\"20160420_155328\" width=\"300\" height=\"169\" srcset=\"https:\/\/www.etoilesportivemontoise.fr\/content\/uploads\/sites\/6\/2016\/04\/20160420_155328-300x169.jpg 300w, https:\/\/www.etoilesportivemontoise.fr\/content\/uploads\/sites\/6\/2016\/04\/20160420_155328-768x432.jpg 768w, https:\/\/www.etoilesportivemontoise.fr\/content\/uploads\/sites\/6\/2016\/04\/20160420_155328-1024x576.jpg 1024w\" sizes=\"auto, (max-width: 300px) 100vw, 300px\" \/><\/a> <a href=\"http:\/\/www.etoilesportivemontoise.fr\/content\/uploads\/sites\/6\/2016\/04\/20160420_155333.jpg\" rel=\"attachment wp-att-3905\"><img loading=\"lazy\" decoding=\"async\" class=\"alignnone size-medium wp-image-3905\" src=\"http:\/\/www.etoilesportivemontoise.fr\/content\/uploads\/sites\/6\/2016\/04\/20160420_155333-300x169.jpg\" alt=\"20160420_155333\" width=\"300\" height=\"169\" srcset=\"https:\/\/www.etoilesportivemontoise.fr\/content\/uploads\/sites\/6\/2016\/04\/20160420_155333-300x169.jpg 300w, https:\/\/www.etoilesportivemontoise.fr\/content\/uploads\/sites\/6\/2016\/04\/20160420_155333-768x432.jpg 768w, https:\/\/www.etoilesportivemontoise.fr\/content\/uploads\/sites\/6\/2016\/04\/20160420_155333-1024x576.jpg 1024w\" sizes=\"auto, (max-width: 300px) 100vw, 300px\" \/><\/a> <a href=\"http:\/\/www.etoilesportivemontoise.fr\/content\/uploads\/sites\/6\/2016\/04\/20160420_155351.jpg\" rel=\"attachment wp-att-3906\"><img loading=\"lazy\" decoding=\"async\" class=\"alignnone size-medium wp-image-3906\" src=\"http:\/\/www.etoilesportivemontoise.fr\/content\/uploads\/sites\/6\/2016\/04\/20160420_155351-300x169.jpg\" alt=\"20160420_155351\" width=\"300\" height=\"169\" srcset=\"https:\/\/www.etoilesportivemontoise.fr\/content\/uploads\/sites\/6\/2016\/04\/20160420_155351-300x169.jpg 300w, https:\/\/www.etoilesportivemontoise.fr\/content\/uploads\/sites\/6\/2016\/04\/20160420_155351-768x432.jpg 768w, https:\/\/www.etoilesportivemontoise.fr\/content\/uploads\/sites\/6\/2016\/04\/20160420_155351-1024x576.jpg 1024w\" sizes=\"auto, (max-width: 300px) 100vw, 300px\" \/><\/a> <a href=\"http:\/\/www.etoilesportivemontoise.fr\/content\/uploads\/sites\/6\/2016\/04\/20160420_155353.jpg\" rel=\"attachment wp-att-3907\"><img loading=\"lazy\" decoding=\"async\" class=\"alignnone size-medium wp-image-3907\" src=\"http:\/\/www.etoilesportivemontoise.fr\/content\/uploads\/sites\/6\/2016\/04\/20160420_155353-300x169.jpg\" alt=\"20160420_155353\" width=\"300\" height=\"169\" srcset=\"https:\/\/www.etoilesportivemontoise.fr\/content\/uploads\/sites\/6\/2016\/04\/20160420_155353-300x169.jpg 300w, https:\/\/www.etoilesportivemontoise.fr\/content\/uploads\/sites\/6\/2016\/04\/20160420_155353-768x432.jpg 768w, https:\/\/www.etoilesportivemontoise.fr\/content\/uploads\/sites\/6\/2016\/04\/20160420_155353-1024x576.jpg 1024w\" sizes=\"auto, (max-width: 300px) 100vw, 300px\" \/><\/a> <a href=\"http:\/\/www.etoilesportivemontoise.fr\/content\/uploads\/sites\/6\/2016\/04\/20160420_155920.jpg\" rel=\"attachment wp-att-3910\"><img loading=\"lazy\" decoding=\"async\" class=\"alignnone size-medium wp-image-3910\" src=\"http:\/\/www.etoilesportivemontoise.fr\/content\/uploads\/sites\/6\/2016\/04\/20160420_155920-300x169.jpg\" alt=\"20160420_155920\" width=\"300\" height=\"169\" srcset=\"https:\/\/www.etoilesportivemontoise.fr\/content\/uploads\/sites\/6\/2016\/04\/20160420_155920-300x169.jpg 300w, https:\/\/www.etoilesportivemontoise.fr\/content\/uploads\/sites\/6\/2016\/04\/20160420_155920-768x432.jpg 768w, https:\/\/www.etoilesportivemontoise.fr\/content\/uploads\/sites\/6\/2016\/04\/20160420_155920-1024x576.jpg 1024w\" sizes=\"auto, (max-width: 300px) 100vw, 300px\" \/><\/a> <a href=\"http:\/\/www.etoilesportivemontoise.fr\/content\/uploads\/sites\/6\/2016\/04\/20160420_155909.jpg\" rel=\"attachment wp-att-3908\"><img loading=\"lazy\" decoding=\"async\" class=\"alignnone size-medium wp-image-3908\" src=\"http:\/\/www.etoilesportivemontoise.fr\/content\/uploads\/sites\/6\/2016\/04\/20160420_155909-300x169.jpg\" alt=\"20160420_155909\" width=\"300\" height=\"169\" srcset=\"https:\/\/www.etoilesportivemontoise.fr\/content\/uploads\/sites\/6\/2016\/04\/20160420_155909-300x169.jpg 300w, https:\/\/www.etoilesportivemontoise.fr\/content\/uploads\/sites\/6\/2016\/04\/20160420_155909-768x432.jpg 768w, https:\/\/www.etoilesportivemontoise.fr\/content\/uploads\/sites\/6\/2016\/04\/20160420_155909-1024x576.jpg 1024w\" sizes=\"auto, (max-width: 300px) 100vw, 300px\" \/><\/a><\/p>\n","protected":false},"excerpt":{"rendered":"<p>Tr\u00e8s belle apr\u00e8s-midi sur le court de tennis de l&rsquo;argent\u00e9 pour nos tr\u00e8s jeunes 4\/5 et 6 ans avec des petits ateliers ludiques. Merci \u00e0 Jean Guy pour avoir organis\u00e9 cette apr\u00e8s-midi, aid\u00e9 par les \u00e9ducateurs stellistes, de St Pierre du Mont et de St&#8230;<\/p>\n","protected":false},"author":26,"featured_media":0,"comment_status":"closed","ping_status":"closed","sticky":false,"template":"","format":"standard","meta":{"footnotes":""},"categories":[32],"tags":[],"class_list":["post-3891","post","type-post","status-publish","format-standard","hentry","category-saison-20152016"],"yoast_head":"<!-- This site is optimized with the Yoast SEO plugin v27.3 - https:\/\/yoast.com\/product\/yoast-seo-wordpress\/ -->\n<title>Format Violet, c&#039;\u00e9tait mercredi dernier - ESM Tennis<\/title>\n<meta name=\"robots\" content=\"index, follow, max-snippet:-1, max-image-preview:large, max-video-preview:-1\" \/>\n<link rel=\"canonical\" href=\"https:\/\/www.etoilesportivemontoise.fr\/tennis\/2016\/04\/25\/format-violet-cetait-mercredi-dernier\/\" \/>\n<meta property=\"og:locale\" content=\"fr_FR\" \/>\n<meta property=\"og:type\" content=\"article\" \/>\n<meta property=\"og:title\" content=\"Format Violet, c&#039;\u00e9tait mercredi dernier - ESM Tennis\" \/>\n<meta property=\"og:description\" content=\"Tr\u00e8s belle apr\u00e8s-midi sur le court de tennis de l&rsquo;argent\u00e9 pour nos tr\u00e8s jeunes 4\/5 et 6 ans avec des petits ateliers ludiques. Merci \u00e0 Jean Guy pour avoir organis\u00e9 cette apr\u00e8s-midi, aid\u00e9 par les \u00e9ducateurs stellistes, de St Pierre du Mont et de St...\" \/>\n<meta property=\"og:url\" content=\"https:\/\/www.etoilesportivemontoise.fr\/tennis\/2016\/04\/25\/format-violet-cetait-mercredi-dernier\/\" \/>\n<meta property=\"og:site_name\" content=\"ESM Tennis\" \/>\n<meta property=\"article:published_time\" content=\"2016-04-25T19:11:47+00:00\" \/>\n<meta property=\"article:modified_time\" content=\"2024-03-24T17:24:02+00:00\" \/>\n<meta property=\"og:image\" content=\"http:\/\/www.etoilesportivemontoise.fr\/content\/uploads\/sites\/6\/2016\/04\/20160420_153135-300x169.jpg\" \/>\n<meta name=\"author\" content=\"Etoile Sportive Montoise\" \/>\n<meta name=\"twitter:label1\" content=\"\u00c9crit par\" \/>\n\t<meta name=\"twitter:data1\" content=\"Etoile Sportive Montoise\" \/>\n<script type=\"application\/ld+json\" class=\"yoast-schema-graph\">{\"@context\":\"https:\\\/\\\/schema.org\",\"@graph\":[{\"@type\":\"Article\",\"@id\":\"https:\\\/\\\/www.etoilesportivemontoise.fr\\\/tennis\\\/2016\\\/04\\\/25\\\/format-violet-cetait-mercredi-dernier\\\/#article\",\"isPartOf\":{\"@id\":\"https:\\\/\\\/www.etoilesportivemontoise.fr\\\/tennis\\\/2016\\\/04\\\/25\\\/format-violet-cetait-mercredi-dernier\\\/\"},\"author\":{\"name\":\"Etoile Sportive Montoise\",\"@id\":\"https:\\\/\\\/www.etoilesportivemontoise.fr\\\/tennis\\\/#\\\/schema\\\/person\\\/086018f55be7afba6497239267808ac7\"},\"headline\":\"Format Violet, c&rsquo;\u00e9tait mercredi dernier\",\"datePublished\":\"2016-04-25T19:11:47+00:00\",\"dateModified\":\"2024-03-24T17:24:02+00:00\",\"mainEntityOfPage\":{\"@id\":\"https:\\\/\\\/www.etoilesportivemontoise.fr\\\/tennis\\\/2016\\\/04\\\/25\\\/format-violet-cetait-mercredi-dernier\\\/\"},\"wordCount\":54,\"image\":{\"@id\":\"https:\\\/\\\/www.etoilesportivemontoise.fr\\\/tennis\\\/2016\\\/04\\\/25\\\/format-violet-cetait-mercredi-dernier\\\/#primaryimage\"},\"thumbnailUrl\":\"http:\\\/\\\/www.etoilesportivemontoise.fr\\\/content\\\/uploads\\\/sites\\\/6\\\/2016\\\/04\\\/20160420_153135-300x169.jpg\",\"articleSection\":[\"Saison 2015\\\/2016\"],\"inLanguage\":\"fr-FR\"},{\"@type\":\"WebPage\",\"@id\":\"https:\\\/\\\/www.etoilesportivemontoise.fr\\\/tennis\\\/2016\\\/04\\\/25\\\/format-violet-cetait-mercredi-dernier\\\/\",\"url\":\"https:\\\/\\\/www.etoilesportivemontoise.fr\\\/tennis\\\/2016\\\/04\\\/25\\\/format-violet-cetait-mercredi-dernier\\\/\",\"name\":\"Format Violet, c'\u00e9tait mercredi dernier - ESM Tennis\",\"isPartOf\":{\"@id\":\"https:\\\/\\\/www.etoilesportivemontoise.fr\\\/tennis\\\/#website\"},\"primaryImageOfPage\":{\"@id\":\"https:\\\/\\\/www.etoilesportivemontoise.fr\\\/tennis\\\/2016\\\/04\\\/25\\\/format-violet-cetait-mercredi-dernier\\\/#primaryimage\"},\"image\":{\"@id\":\"https:\\\/\\\/www.etoilesportivemontoise.fr\\\/tennis\\\/2016\\\/04\\\/25\\\/format-violet-cetait-mercredi-dernier\\\/#primaryimage\"},\"thumbnailUrl\":\"http:\\\/\\\/www.etoilesportivemontoise.fr\\\/content\\\/uploads\\\/sites\\\/6\\\/2016\\\/04\\\/20160420_153135-300x169.jpg\",\"datePublished\":\"2016-04-25T19:11:47+00:00\",\"dateModified\":\"2024-03-24T17:24:02+00:00\",\"author\":{\"@id\":\"https:\\\/\\\/www.etoilesportivemontoise.fr\\\/tennis\\\/#\\\/schema\\\/person\\\/086018f55be7afba6497239267808ac7\"},\"breadcrumb\":{\"@id\":\"https:\\\/\\\/www.etoilesportivemontoise.fr\\\/tennis\\\/2016\\\/04\\\/25\\\/format-violet-cetait-mercredi-dernier\\\/#breadcrumb\"},\"inLanguage\":\"fr-FR\",\"potentialAction\":[{\"@type\":\"ReadAction\",\"target\":[\"https:\\\/\\\/www.etoilesportivemontoise.fr\\\/tennis\\\/2016\\\/04\\\/25\\\/format-violet-cetait-mercredi-dernier\\\/\"]}]},{\"@type\":\"ImageObject\",\"inLanguage\":\"fr-FR\",\"@id\":\"https:\\\/\\\/www.etoilesportivemontoise.fr\\\/tennis\\\/2016\\\/04\\\/25\\\/format-violet-cetait-mercredi-dernier\\\/#primaryimage\",\"url\":\"http:\\\/\\\/www.etoilesportivemontoise.fr\\\/content\\\/uploads\\\/sites\\\/6\\\/2016\\\/04\\\/20160420_153135-300x169.jpg\",\"contentUrl\":\"http:\\\/\\\/www.etoilesportivemontoise.fr\\\/content\\\/uploads\\\/sites\\\/6\\\/2016\\\/04\\\/20160420_153135-300x169.jpg\"},{\"@type\":\"BreadcrumbList\",\"@id\":\"https:\\\/\\\/www.etoilesportivemontoise.fr\\\/tennis\\\/2016\\\/04\\\/25\\\/format-violet-cetait-mercredi-dernier\\\/#breadcrumb\",\"itemListElement\":[{\"@type\":\"ListItem\",\"position\":1,\"name\":\"Accueil\",\"item\":\"https:\\\/\\\/www.etoilesportivemontoise.fr\\\/tennis\\\/\"},{\"@type\":\"ListItem\",\"position\":2,\"name\":\"Format Violet, c&rsquo;\u00e9tait mercredi dernier\"}]},{\"@type\":\"WebSite\",\"@id\":\"https:\\\/\\\/www.etoilesportivemontoise.fr\\\/tennis\\\/#website\",\"url\":\"https:\\\/\\\/www.etoilesportivemontoise.fr\\\/tennis\\\/\",\"name\":\"ESM Tennis\",\"description\":\"Club Tennis Mont de Marsan\",\"potentialAction\":[{\"@type\":\"SearchAction\",\"target\":{\"@type\":\"EntryPoint\",\"urlTemplate\":\"https:\\\/\\\/www.etoilesportivemontoise.fr\\\/tennis\\\/?s={search_term_string}\"},\"query-input\":{\"@type\":\"PropertyValueSpecification\",\"valueRequired\":true,\"valueName\":\"search_term_string\"}}],\"inLanguage\":\"fr-FR\"},{\"@type\":\"Person\",\"@id\":\"https:\\\/\\\/www.etoilesportivemontoise.fr\\\/tennis\\\/#\\\/schema\\\/person\\\/086018f55be7afba6497239267808ac7\",\"name\":\"Etoile Sportive Montoise\",\"image\":{\"@type\":\"ImageObject\",\"inLanguage\":\"fr-FR\",\"@id\":\"https:\\\/\\\/secure.gravatar.com\\\/avatar\\\/d8bc9e65811140f45b582330fd33b5b51b3271be8ec53b6731b9baa947fd2274?s=96&d=mm&r=g\",\"url\":\"https:\\\/\\\/secure.gravatar.com\\\/avatar\\\/d8bc9e65811140f45b582330fd33b5b51b3271be8ec53b6731b9baa947fd2274?s=96&d=mm&r=g\",\"contentUrl\":\"https:\\\/\\\/secure.gravatar.com\\\/avatar\\\/d8bc9e65811140f45b582330fd33b5b51b3271be8ec53b6731b9baa947fd2274?s=96&d=mm&r=g\",\"caption\":\"Etoile Sportive Montoise\"},\"url\":\"https:\\\/\\\/www.etoilesportivemontoise.fr\\\/tennis\\\/aka\\\/f187ac93935e960922bc7af0b852b8ae6fd33f67\\\/\"}]}<\/script>\n<!-- \/ Yoast SEO plugin. -->","yoast_head_json":{"title":"Format Violet, c'\u00e9tait mercredi dernier - ESM Tennis","robots":{"index":"index","follow":"follow","max-snippet":"max-snippet:-1","max-image-preview":"max-image-preview:large","max-video-preview":"max-video-preview:-1"},"canonical":"https:\/\/www.etoilesportivemontoise.fr\/tennis\/2016\/04\/25\/format-violet-cetait-mercredi-dernier\/","og_locale":"fr_FR","og_type":"article","og_title":"Format Violet, c'\u00e9tait mercredi dernier - ESM Tennis","og_description":"Tr\u00e8s belle apr\u00e8s-midi sur le court de tennis de l&rsquo;argent\u00e9 pour nos tr\u00e8s jeunes 4\/5 et 6 ans avec des petits ateliers ludiques. Merci \u00e0 Jean Guy pour avoir organis\u00e9 cette apr\u00e8s-midi, aid\u00e9 par les \u00e9ducateurs stellistes, de St Pierre du Mont et de St...","og_url":"https:\/\/www.etoilesportivemontoise.fr\/tennis\/2016\/04\/25\/format-violet-cetait-mercredi-dernier\/","og_site_name":"ESM Tennis","article_published_time":"2016-04-25T19:11:47+00:00","article_modified_time":"2024-03-24T17:24:02+00:00","og_image":[{"url":"http:\/\/www.etoilesportivemontoise.fr\/content\/uploads\/sites\/6\/2016\/04\/20160420_153135-300x169.jpg","type":"","width":"","height":""}],"author":"Etoile Sportive Montoise","twitter_misc":{"\u00c9crit par":"Etoile Sportive Montoise"},"schema":{"@context":"https:\/\/schema.org","@graph":[{"@type":"Article","@id":"https:\/\/www.etoilesportivemontoise.fr\/tennis\/2016\/04\/25\/format-violet-cetait-mercredi-dernier\/#article","isPartOf":{"@id":"https:\/\/www.etoilesportivemontoise.fr\/tennis\/2016\/04\/25\/format-violet-cetait-mercredi-dernier\/"},"author":{"name":"Etoile Sportive Montoise","@id":"https:\/\/www.etoilesportivemontoise.fr\/tennis\/#\/schema\/person\/086018f55be7afba6497239267808ac7"},"headline":"Format Violet, c&rsquo;\u00e9tait mercredi dernier","datePublished":"2016-04-25T19:11:47+00:00","dateModified":"2024-03-24T17:24:02+00:00","mainEntityOfPage":{"@id":"https:\/\/www.etoilesportivemontoise.fr\/tennis\/2016\/04\/25\/format-violet-cetait-mercredi-dernier\/"},"wordCount":54,"image":{"@id":"https:\/\/www.etoilesportivemontoise.fr\/tennis\/2016\/04\/25\/format-violet-cetait-mercredi-dernier\/#primaryimage"},"thumbnailUrl":"http:\/\/www.etoilesportivemontoise.fr\/content\/uploads\/sites\/6\/2016\/04\/20160420_153135-300x169.jpg","articleSection":["Saison 2015\/2016"],"inLanguage":"fr-FR"},{"@type":"WebPage","@id":"https:\/\/www.etoilesportivemontoise.fr\/tennis\/2016\/04\/25\/format-violet-cetait-mercredi-dernier\/","url":"https:\/\/www.etoilesportivemontoise.fr\/tennis\/2016\/04\/25\/format-violet-cetait-mercredi-dernier\/","name":"Format Violet, c'\u00e9tait mercredi dernier - ESM Tennis","isPartOf":{"@id":"https:\/\/www.etoilesportivemontoise.fr\/tennis\/#website"},"primaryImageOfPage":{"@id":"https:\/\/www.etoilesportivemontoise.fr\/tennis\/2016\/04\/25\/format-violet-cetait-mercredi-dernier\/#primaryimage"},"image":{"@id":"https:\/\/www.etoilesportivemontoise.fr\/tennis\/2016\/04\/25\/format-violet-cetait-mercredi-dernier\/#primaryimage"},"thumbnailUrl":"http:\/\/www.etoilesportivemontoise.fr\/content\/uploads\/sites\/6\/2016\/04\/20160420_153135-300x169.jpg","datePublished":"2016-04-25T19:11:47+00:00","dateModified":"2024-03-24T17:24:02+00:00","author":{"@id":"https:\/\/www.etoilesportivemontoise.fr\/tennis\/#\/schema\/person\/086018f55be7afba6497239267808ac7"},"breadcrumb":{"@id":"https:\/\/www.etoilesportivemontoise.fr\/tennis\/2016\/04\/25\/format-violet-cetait-mercredi-dernier\/#breadcrumb"},"inLanguage":"fr-FR","potentialAction":[{"@type":"ReadAction","target":["https:\/\/www.etoilesportivemontoise.fr\/tennis\/2016\/04\/25\/format-violet-cetait-mercredi-dernier\/"]}]},{"@type":"ImageObject","inLanguage":"fr-FR","@id":"https:\/\/www.etoilesportivemontoise.fr\/tennis\/2016\/04\/25\/format-violet-cetait-mercredi-dernier\/#primaryimage","url":"http:\/\/www.etoilesportivemontoise.fr\/content\/uploads\/sites\/6\/2016\/04\/20160420_153135-300x169.jpg","contentUrl":"http:\/\/www.etoilesportivemontoise.fr\/content\/uploads\/sites\/6\/2016\/04\/20160420_153135-300x169.jpg"},{"@type":"BreadcrumbList","@id":"https:\/\/www.etoilesportivemontoise.fr\/tennis\/2016\/04\/25\/format-violet-cetait-mercredi-dernier\/#breadcrumb","itemListElement":[{"@type":"ListItem","position":1,"name":"Accueil","item":"https:\/\/www.etoilesportivemontoise.fr\/tennis\/"},{"@type":"ListItem","position":2,"name":"Format Violet, c&rsquo;\u00e9tait mercredi dernier"}]},{"@type":"WebSite","@id":"https:\/\/www.etoilesportivemontoise.fr\/tennis\/#website","url":"https:\/\/www.etoilesportivemontoise.fr\/tennis\/","name":"ESM Tennis","description":"Club Tennis Mont de Marsan","potentialAction":[{"@type":"SearchAction","target":{"@type":"EntryPoint","urlTemplate":"https:\/\/www.etoilesportivemontoise.fr\/tennis\/?s={search_term_string}"},"query-input":{"@type":"PropertyValueSpecification","valueRequired":true,"valueName":"search_term_string"}}],"inLanguage":"fr-FR"},{"@type":"Person","@id":"https:\/\/www.etoilesportivemontoise.fr\/tennis\/#\/schema\/person\/086018f55be7afba6497239267808ac7","name":"Etoile Sportive Montoise","image":{"@type":"ImageObject","inLanguage":"fr-FR","@id":"https:\/\/secure.gravatar.com\/avatar\/d8bc9e65811140f45b582330fd33b5b51b3271be8ec53b6731b9baa947fd2274?s=96&d=mm&r=g","url":"https:\/\/secure.gravatar.com\/avatar\/d8bc9e65811140f45b582330fd33b5b51b3271be8ec53b6731b9baa947fd2274?s=96&d=mm&r=g","contentUrl":"https:\/\/secure.gravatar.com\/avatar\/d8bc9e65811140f45b582330fd33b5b51b3271be8ec53b6731b9baa947fd2274?s=96&d=mm&r=g","caption":"Etoile Sportive Montoise"},"url":"https:\/\/www.etoilesportivemontoise.fr\/tennis\/aka\/f187ac93935e960922bc7af0b852b8ae6fd33f67\/"}]}},"_links":{"self":[{"href":"https:\/\/www.etoilesportivemontoise.fr\/tennis\/wp-json\/wp\/v2\/posts\/3891","targetHints":{"allow":["GET"]}}],"collection":[{"href":"https:\/\/www.etoilesportivemontoise.fr\/tennis\/wp-json\/wp\/v2\/posts"}],"about":[{"href":"https:\/\/www.etoilesportivemontoise.fr\/tennis\/wp-json\/wp\/v2\/types\/post"}],"author":[{"embeddable":true,"href":"https:\/\/www.etoilesportivemontoise.fr\/tennis\/wp-json\/wp\/v2\/users\/26"}],"replies":[{"embeddable":true,"href":"https:\/\/www.etoilesportivemontoise.fr\/tennis\/wp-json\/wp\/v2\/comments?post=3891"}],"version-history":[{"count":1,"href":"https:\/\/www.etoilesportivemontoise.fr\/tennis\/wp-json\/wp\/v2\/posts\/3891\/revisions"}],"predecessor-version":[{"id":3911,"href":"https:\/\/www.etoilesportivemontoise.fr\/tennis\/wp-json\/wp\/v2\/posts\/3891\/revisions\/3911"}],"wp:attachment":[{"href":"https:\/\/www.etoilesportivemontoise.fr\/tennis\/wp-json\/wp\/v2\/media?parent=3891"}],"wp:term":[{"taxonomy":"category","embeddable":true,"href":"https:\/\/www.etoilesportivemontoise.fr\/tennis\/wp-json\/wp\/v2\/categories?post=3891"},{"taxonomy":"post_tag","embeddable":true,"href":"https:\/\/www.etoilesportivemontoise.fr\/tennis\/wp-json\/wp\/v2\/tags?post=3891"}],"curies":[{"name":"wp","href":"https:\/\/api.w.org\/{rel}","templated":true}]}}