{"id":4067,"date":"2017-11-13T20:18:48","date_gmt":"2017-11-13T20:18:48","guid":{"rendered":"http:\/\/www.etoilesportivemontoise.fr\/tennis\/?p=4067"},"modified":"2024-03-24T17:23:59","modified_gmt":"2024-03-24T17:23:59","slug":"cest-parti-coupe-dhiver","status":"publish","type":"post","link":"https:\/\/www.etoilesportivemontoise.fr\/tennis\/2017\/11\/13\/cest-parti-coupe-dhiver\/","title":{"rendered":"C&rsquo;est parti pour la coupe d&rsquo;hiver"},"content":{"rendered":"<p>5 \u00e9quipe adultes inscrites pour cette comp\u00e9tition. 3 ont pu jouer ce week-end. Mention sp\u00e9ciale \u00e0 l&rsquo;\u00e9quipe 2 qui se d\u00e9fait dans la salle du P\u00e9gl\u00e9, de St Pierre du Mont1, ces derniers ayant avait fait tourner leur effectif, apr\u00e8s la comp\u00e8t +35 ans.\u00a0 Comme on peut le voir, l&rsquo;\u00e9quipe 4 malgr\u00e9 sa d\u00e9faite \u00e0 Arzacq, garde la bonne humeur, au moment de repartir. La 1 gar\u00e7on ira samedi prochain \u00e0 l&rsquo;Artisien TC en match en retard, pendant que les filles recevront Onesse en match avanc\u00e9.<\/p>\n<p><a href=\"http:\/\/www.etoilesportivemontoise.fr\/content\/uploads\/sites\/6\/2017\/11\/CDH-J1-D\u00e9tail-R\u00e9sultat-1.jpg\"><img loading=\"lazy\" decoding=\"async\" class=\"alignnone size-medium wp-image-4071\" src=\"http:\/\/www.etoilesportivemontoise.fr\/content\/uploads\/sites\/6\/2017\/11\/CDH-J1-D\u00e9tail-R\u00e9sultat-1-300x68.jpg\" alt=\"CDH-J1 D\u00e9tail R\u00e9sultat\" width=\"300\" height=\"68\" srcset=\"https:\/\/www.etoilesportivemontoise.fr\/content\/uploads\/sites\/6\/2017\/11\/CDH-J1-D\u00e9tail-R\u00e9sultat-1-300x68.jpg 300w, https:\/\/www.etoilesportivemontoise.fr\/content\/uploads\/sites\/6\/2017\/11\/CDH-J1-D\u00e9tail-R\u00e9sultat-1-768x175.jpg 768w, https:\/\/www.etoilesportivemontoise.fr\/content\/uploads\/sites\/6\/2017\/11\/CDH-J1-D\u00e9tail-R\u00e9sultat-1-1024x233.jpg 1024w, https:\/\/www.etoilesportivemontoise.fr\/content\/uploads\/sites\/6\/2017\/11\/CDH-J1-D\u00e9tail-R\u00e9sultat-1.jpg 1167w\" sizes=\"auto, (max-width: 300px) 100vw, 300px\" \/><\/a><a href=\"http:\/\/www.etoilesportivemontoise.fr\/content\/uploads\/sites\/6\/2017\/11\/CDH-J1-EQ4H.jpg\"><img loading=\"lazy\" decoding=\"async\" class=\"alignnone size-medium wp-image-4069\" src=\"http:\/\/www.etoilesportivemontoise.fr\/content\/uploads\/sites\/6\/2017\/11\/CDH-J1-EQ4H-300x225.jpg\" alt=\"CDH-J1-EQ4H\" width=\"300\" height=\"225\" srcset=\"https:\/\/www.etoilesportivemontoise.fr\/content\/uploads\/sites\/6\/2017\/11\/CDH-J1-EQ4H-300x225.jpg 300w, https:\/\/www.etoilesportivemontoise.fr\/content\/uploads\/sites\/6\/2017\/11\/CDH-J1-EQ4H-768x576.jpg 768w, https:\/\/www.etoilesportivemontoise.fr\/content\/uploads\/sites\/6\/2017\/11\/CDH-J1-EQ4H-1024x768.jpg 1024w, https:\/\/www.etoilesportivemontoise.fr\/content\/uploads\/sites\/6\/2017\/11\/CDH-J1-EQ4H.jpg 1280w\" sizes=\"auto, (max-width: 300px) 100vw, 300px\" \/><\/a><\/p>\n","protected":false},"excerpt":{"rendered":"<p>5 \u00e9quipe adultes inscrites pour cette comp\u00e9tition. 3 ont pu jouer ce week-end. Mention sp\u00e9ciale \u00e0 l&rsquo;\u00e9quipe 2 qui se d\u00e9fait dans la salle du P\u00e9gl\u00e9, de St Pierre du Mont1, ces derniers ayant avait fait tourner leur effectif, apr\u00e8s la comp\u00e8t +35 ans.\u00a0 Comme&#8230;<\/p>\n","protected":false},"author":26,"featured_media":0,"comment_status":"closed","ping_status":"closed","sticky":false,"template":"","format":"standard","meta":{"footnotes":""},"categories":[35],"tags":[],"class_list":["post-4067","post","type-post","status-publish","format-standard","hentry","category-saison-20172018-resultats"],"yoast_head":"<!-- This site is optimized with the Yoast SEO plugin v27.3 - https:\/\/yoast.com\/product\/yoast-seo-wordpress\/ -->\n<title>C&#039;est parti pour la coupe d&#039;hiver - ESM Tennis<\/title>\n<meta name=\"robots\" content=\"index, follow, max-snippet:-1, max-image-preview:large, max-video-preview:-1\" \/>\n<link rel=\"canonical\" href=\"https:\/\/www.etoilesportivemontoise.fr\/tennis\/2017\/11\/13\/cest-parti-coupe-dhiver\/\" \/>\n<meta property=\"og:locale\" content=\"fr_FR\" \/>\n<meta property=\"og:type\" content=\"article\" \/>\n<meta property=\"og:title\" content=\"C&#039;est parti pour la coupe d&#039;hiver - ESM Tennis\" \/>\n<meta property=\"og:description\" content=\"5 \u00e9quipe adultes inscrites pour cette comp\u00e9tition. 3 ont pu jouer ce week-end. Mention sp\u00e9ciale \u00e0 l&rsquo;\u00e9quipe 2 qui se d\u00e9fait dans la salle du P\u00e9gl\u00e9, de St Pierre du Mont1, ces derniers ayant avait fait tourner leur effectif, apr\u00e8s la comp\u00e8t +35 ans.\u00a0 Comme...\" \/>\n<meta property=\"og:url\" content=\"https:\/\/www.etoilesportivemontoise.fr\/tennis\/2017\/11\/13\/cest-parti-coupe-dhiver\/\" \/>\n<meta property=\"og:site_name\" content=\"ESM Tennis\" \/>\n<meta property=\"article:published_time\" content=\"2017-11-13T20:18:48+00:00\" \/>\n<meta property=\"article:modified_time\" content=\"2024-03-24T17:23:59+00:00\" \/>\n<meta property=\"og:image\" content=\"http:\/\/www.etoilesportivemontoise.fr\/content\/uploads\/sites\/6\/2017\/11\/CDH-J1-EQ4H-300x225.jpg\" \/>\n<meta name=\"author\" content=\"Etoile Sportive Montoise\" \/>\n<meta name=\"twitter:label1\" content=\"\u00c9crit par\" \/>\n\t<meta name=\"twitter:data1\" content=\"Etoile Sportive Montoise\" \/>\n<script type=\"application\/ld+json\" class=\"yoast-schema-graph\">{\"@context\":\"https:\\\/\\\/schema.org\",\"@graph\":[{\"@type\":\"Article\",\"@id\":\"https:\\\/\\\/www.etoilesportivemontoise.fr\\\/tennis\\\/2017\\\/11\\\/13\\\/cest-parti-coupe-dhiver\\\/#article\",\"isPartOf\":{\"@id\":\"https:\\\/\\\/www.etoilesportivemontoise.fr\\\/tennis\\\/2017\\\/11\\\/13\\\/cest-parti-coupe-dhiver\\\/\"},\"author\":{\"name\":\"Etoile Sportive Montoise\",\"@id\":\"https:\\\/\\\/www.etoilesportivemontoise.fr\\\/tennis\\\/#\\\/schema\\\/person\\\/086018f55be7afba6497239267808ac7\"},\"headline\":\"C&rsquo;est parti pour la coupe d&rsquo;hiver\",\"datePublished\":\"2017-11-13T20:18:48+00:00\",\"dateModified\":\"2024-03-24T17:23:59+00:00\",\"mainEntityOfPage\":{\"@id\":\"https:\\\/\\\/www.etoilesportivemontoise.fr\\\/tennis\\\/2017\\\/11\\\/13\\\/cest-parti-coupe-dhiver\\\/\"},\"wordCount\":96,\"image\":{\"@id\":\"https:\\\/\\\/www.etoilesportivemontoise.fr\\\/tennis\\\/2017\\\/11\\\/13\\\/cest-parti-coupe-dhiver\\\/#primaryimage\"},\"thumbnailUrl\":\"http:\\\/\\\/www.etoilesportivemontoise.fr\\\/content\\\/uploads\\\/sites\\\/6\\\/2017\\\/11\\\/CDH-J1-EQ4H-300x225.jpg\",\"articleSection\":[\"Saison 2017\\\/2018\"],\"inLanguage\":\"fr-FR\"},{\"@type\":\"WebPage\",\"@id\":\"https:\\\/\\\/www.etoilesportivemontoise.fr\\\/tennis\\\/2017\\\/11\\\/13\\\/cest-parti-coupe-dhiver\\\/\",\"url\":\"https:\\\/\\\/www.etoilesportivemontoise.fr\\\/tennis\\\/2017\\\/11\\\/13\\\/cest-parti-coupe-dhiver\\\/\",\"name\":\"C'est parti pour la coupe d'hiver - ESM Tennis\",\"isPartOf\":{\"@id\":\"https:\\\/\\\/www.etoilesportivemontoise.fr\\\/tennis\\\/#website\"},\"primaryImageOfPage\":{\"@id\":\"https:\\\/\\\/www.etoilesportivemontoise.fr\\\/tennis\\\/2017\\\/11\\\/13\\\/cest-parti-coupe-dhiver\\\/#primaryimage\"},\"image\":{\"@id\":\"https:\\\/\\\/www.etoilesportivemontoise.fr\\\/tennis\\\/2017\\\/11\\\/13\\\/cest-parti-coupe-dhiver\\\/#primaryimage\"},\"thumbnailUrl\":\"http:\\\/\\\/www.etoilesportivemontoise.fr\\\/content\\\/uploads\\\/sites\\\/6\\\/2017\\\/11\\\/CDH-J1-EQ4H-300x225.jpg\",\"datePublished\":\"2017-11-13T20:18:48+00:00\",\"dateModified\":\"2024-03-24T17:23:59+00:00\",\"author\":{\"@id\":\"https:\\\/\\\/www.etoilesportivemontoise.fr\\\/tennis\\\/#\\\/schema\\\/person\\\/086018f55be7afba6497239267808ac7\"},\"breadcrumb\":{\"@id\":\"https:\\\/\\\/www.etoilesportivemontoise.fr\\\/tennis\\\/2017\\\/11\\\/13\\\/cest-parti-coupe-dhiver\\\/#breadcrumb\"},\"inLanguage\":\"fr-FR\",\"potentialAction\":[{\"@type\":\"ReadAction\",\"target\":[\"https:\\\/\\\/www.etoilesportivemontoise.fr\\\/tennis\\\/2017\\\/11\\\/13\\\/cest-parti-coupe-dhiver\\\/\"]}]},{\"@type\":\"ImageObject\",\"inLanguage\":\"fr-FR\",\"@id\":\"https:\\\/\\\/www.etoilesportivemontoise.fr\\\/tennis\\\/2017\\\/11\\\/13\\\/cest-parti-coupe-dhiver\\\/#primaryimage\",\"url\":\"http:\\\/\\\/www.etoilesportivemontoise.fr\\\/content\\\/uploads\\\/sites\\\/6\\\/2017\\\/11\\\/CDH-J1-EQ4H-300x225.jpg\",\"contentUrl\":\"http:\\\/\\\/www.etoilesportivemontoise.fr\\\/content\\\/uploads\\\/sites\\\/6\\\/2017\\\/11\\\/CDH-J1-EQ4H-300x225.jpg\"},{\"@type\":\"BreadcrumbList\",\"@id\":\"https:\\\/\\\/www.etoilesportivemontoise.fr\\\/tennis\\\/2017\\\/11\\\/13\\\/cest-parti-coupe-dhiver\\\/#breadcrumb\",\"itemListElement\":[{\"@type\":\"ListItem\",\"position\":1,\"name\":\"Accueil\",\"item\":\"https:\\\/\\\/www.etoilesportivemontoise.fr\\\/tennis\\\/\"},{\"@type\":\"ListItem\",\"position\":2,\"name\":\"C&rsquo;est parti pour la coupe d&rsquo;hiver\"}]},{\"@type\":\"WebSite\",\"@id\":\"https:\\\/\\\/www.etoilesportivemontoise.fr\\\/tennis\\\/#website\",\"url\":\"https:\\\/\\\/www.etoilesportivemontoise.fr\\\/tennis\\\/\",\"name\":\"ESM Tennis\",\"description\":\"Club Tennis Mont de Marsan\",\"potentialAction\":[{\"@type\":\"SearchAction\",\"target\":{\"@type\":\"EntryPoint\",\"urlTemplate\":\"https:\\\/\\\/www.etoilesportivemontoise.fr\\\/tennis\\\/?s={search_term_string}\"},\"query-input\":{\"@type\":\"PropertyValueSpecification\",\"valueRequired\":true,\"valueName\":\"search_term_string\"}}],\"inLanguage\":\"fr-FR\"},{\"@type\":\"Person\",\"@id\":\"https:\\\/\\\/www.etoilesportivemontoise.fr\\\/tennis\\\/#\\\/schema\\\/person\\\/086018f55be7afba6497239267808ac7\",\"name\":\"Etoile Sportive Montoise\",\"image\":{\"@type\":\"ImageObject\",\"inLanguage\":\"fr-FR\",\"@id\":\"https:\\\/\\\/secure.gravatar.com\\\/avatar\\\/d8bc9e65811140f45b582330fd33b5b51b3271be8ec53b6731b9baa947fd2274?s=96&d=mm&r=g\",\"url\":\"https:\\\/\\\/secure.gravatar.com\\\/avatar\\\/d8bc9e65811140f45b582330fd33b5b51b3271be8ec53b6731b9baa947fd2274?s=96&d=mm&r=g\",\"contentUrl\":\"https:\\\/\\\/secure.gravatar.com\\\/avatar\\\/d8bc9e65811140f45b582330fd33b5b51b3271be8ec53b6731b9baa947fd2274?s=96&d=mm&r=g\",\"caption\":\"Etoile Sportive Montoise\"},\"url\":\"https:\\\/\\\/www.etoilesportivemontoise.fr\\\/tennis\\\/aka\\\/f187ac93935e960922bc7af0b852b8ae6fd33f67\\\/\"}]}<\/script>\n<!-- \/ Yoast SEO plugin. -->","yoast_head_json":{"title":"C'est parti pour la coupe d'hiver - ESM Tennis","robots":{"index":"index","follow":"follow","max-snippet":"max-snippet:-1","max-image-preview":"max-image-preview:large","max-video-preview":"max-video-preview:-1"},"canonical":"https:\/\/www.etoilesportivemontoise.fr\/tennis\/2017\/11\/13\/cest-parti-coupe-dhiver\/","og_locale":"fr_FR","og_type":"article","og_title":"C'est parti pour la coupe d'hiver - ESM Tennis","og_description":"5 \u00e9quipe adultes inscrites pour cette comp\u00e9tition. 3 ont pu jouer ce week-end. Mention sp\u00e9ciale \u00e0 l&rsquo;\u00e9quipe 2 qui se d\u00e9fait dans la salle du P\u00e9gl\u00e9, de St Pierre du Mont1, ces derniers ayant avait fait tourner leur effectif, apr\u00e8s la comp\u00e8t +35 ans.\u00a0 Comme...","og_url":"https:\/\/www.etoilesportivemontoise.fr\/tennis\/2017\/11\/13\/cest-parti-coupe-dhiver\/","og_site_name":"ESM Tennis","article_published_time":"2017-11-13T20:18:48+00:00","article_modified_time":"2024-03-24T17:23:59+00:00","og_image":[{"url":"http:\/\/www.etoilesportivemontoise.fr\/content\/uploads\/sites\/6\/2017\/11\/CDH-J1-EQ4H-300x225.jpg","type":"","width":"","height":""}],"author":"Etoile Sportive Montoise","twitter_misc":{"\u00c9crit par":"Etoile Sportive Montoise"},"schema":{"@context":"https:\/\/schema.org","@graph":[{"@type":"Article","@id":"https:\/\/www.etoilesportivemontoise.fr\/tennis\/2017\/11\/13\/cest-parti-coupe-dhiver\/#article","isPartOf":{"@id":"https:\/\/www.etoilesportivemontoise.fr\/tennis\/2017\/11\/13\/cest-parti-coupe-dhiver\/"},"author":{"name":"Etoile Sportive Montoise","@id":"https:\/\/www.etoilesportivemontoise.fr\/tennis\/#\/schema\/person\/086018f55be7afba6497239267808ac7"},"headline":"C&rsquo;est parti pour la coupe d&rsquo;hiver","datePublished":"2017-11-13T20:18:48+00:00","dateModified":"2024-03-24T17:23:59+00:00","mainEntityOfPage":{"@id":"https:\/\/www.etoilesportivemontoise.fr\/tennis\/2017\/11\/13\/cest-parti-coupe-dhiver\/"},"wordCount":96,"image":{"@id":"https:\/\/www.etoilesportivemontoise.fr\/tennis\/2017\/11\/13\/cest-parti-coupe-dhiver\/#primaryimage"},"thumbnailUrl":"http:\/\/www.etoilesportivemontoise.fr\/content\/uploads\/sites\/6\/2017\/11\/CDH-J1-EQ4H-300x225.jpg","articleSection":["Saison 2017\/2018"],"inLanguage":"fr-FR"},{"@type":"WebPage","@id":"https:\/\/www.etoilesportivemontoise.fr\/tennis\/2017\/11\/13\/cest-parti-coupe-dhiver\/","url":"https:\/\/www.etoilesportivemontoise.fr\/tennis\/2017\/11\/13\/cest-parti-coupe-dhiver\/","name":"C'est parti pour la coupe d'hiver - ESM Tennis","isPartOf":{"@id":"https:\/\/www.etoilesportivemontoise.fr\/tennis\/#website"},"primaryImageOfPage":{"@id":"https:\/\/www.etoilesportivemontoise.fr\/tennis\/2017\/11\/13\/cest-parti-coupe-dhiver\/#primaryimage"},"image":{"@id":"https:\/\/www.etoilesportivemontoise.fr\/tennis\/2017\/11\/13\/cest-parti-coupe-dhiver\/#primaryimage"},"thumbnailUrl":"http:\/\/www.etoilesportivemontoise.fr\/content\/uploads\/sites\/6\/2017\/11\/CDH-J1-EQ4H-300x225.jpg","datePublished":"2017-11-13T20:18:48+00:00","dateModified":"2024-03-24T17:23:59+00:00","author":{"@id":"https:\/\/www.etoilesportivemontoise.fr\/tennis\/#\/schema\/person\/086018f55be7afba6497239267808ac7"},"breadcrumb":{"@id":"https:\/\/www.etoilesportivemontoise.fr\/tennis\/2017\/11\/13\/cest-parti-coupe-dhiver\/#breadcrumb"},"inLanguage":"fr-FR","potentialAction":[{"@type":"ReadAction","target":["https:\/\/www.etoilesportivemontoise.fr\/tennis\/2017\/11\/13\/cest-parti-coupe-dhiver\/"]}]},{"@type":"ImageObject","inLanguage":"fr-FR","@id":"https:\/\/www.etoilesportivemontoise.fr\/tennis\/2017\/11\/13\/cest-parti-coupe-dhiver\/#primaryimage","url":"http:\/\/www.etoilesportivemontoise.fr\/content\/uploads\/sites\/6\/2017\/11\/CDH-J1-EQ4H-300x225.jpg","contentUrl":"http:\/\/www.etoilesportivemontoise.fr\/content\/uploads\/sites\/6\/2017\/11\/CDH-J1-EQ4H-300x225.jpg"},{"@type":"BreadcrumbList","@id":"https:\/\/www.etoilesportivemontoise.fr\/tennis\/2017\/11\/13\/cest-parti-coupe-dhiver\/#breadcrumb","itemListElement":[{"@type":"ListItem","position":1,"name":"Accueil","item":"https:\/\/www.etoilesportivemontoise.fr\/tennis\/"},{"@type":"ListItem","position":2,"name":"C&rsquo;est parti pour la coupe d&rsquo;hiver"}]},{"@type":"WebSite","@id":"https:\/\/www.etoilesportivemontoise.fr\/tennis\/#website","url":"https:\/\/www.etoilesportivemontoise.fr\/tennis\/","name":"ESM Tennis","description":"Club Tennis Mont de Marsan","potentialAction":[{"@type":"SearchAction","target":{"@type":"EntryPoint","urlTemplate":"https:\/\/www.etoilesportivemontoise.fr\/tennis\/?s={search_term_string}"},"query-input":{"@type":"PropertyValueSpecification","valueRequired":true,"valueName":"search_term_string"}}],"inLanguage":"fr-FR"},{"@type":"Person","@id":"https:\/\/www.etoilesportivemontoise.fr\/tennis\/#\/schema\/person\/086018f55be7afba6497239267808ac7","name":"Etoile Sportive Montoise","image":{"@type":"ImageObject","inLanguage":"fr-FR","@id":"https:\/\/secure.gravatar.com\/avatar\/d8bc9e65811140f45b582330fd33b5b51b3271be8ec53b6731b9baa947fd2274?s=96&d=mm&r=g","url":"https:\/\/secure.gravatar.com\/avatar\/d8bc9e65811140f45b582330fd33b5b51b3271be8ec53b6731b9baa947fd2274?s=96&d=mm&r=g","contentUrl":"https:\/\/secure.gravatar.com\/avatar\/d8bc9e65811140f45b582330fd33b5b51b3271be8ec53b6731b9baa947fd2274?s=96&d=mm&r=g","caption":"Etoile Sportive Montoise"},"url":"https:\/\/www.etoilesportivemontoise.fr\/tennis\/aka\/f187ac93935e960922bc7af0b852b8ae6fd33f67\/"}]}},"_links":{"self":[{"href":"https:\/\/www.etoilesportivemontoise.fr\/tennis\/wp-json\/wp\/v2\/posts\/4067","targetHints":{"allow":["GET"]}}],"collection":[{"href":"https:\/\/www.etoilesportivemontoise.fr\/tennis\/wp-json\/wp\/v2\/posts"}],"about":[{"href":"https:\/\/www.etoilesportivemontoise.fr\/tennis\/wp-json\/wp\/v2\/types\/post"}],"author":[{"embeddable":true,"href":"https:\/\/www.etoilesportivemontoise.fr\/tennis\/wp-json\/wp\/v2\/users\/26"}],"replies":[{"embeddable":true,"href":"https:\/\/www.etoilesportivemontoise.fr\/tennis\/wp-json\/wp\/v2\/comments?post=4067"}],"version-history":[{"count":4,"href":"https:\/\/www.etoilesportivemontoise.fr\/tennis\/wp-json\/wp\/v2\/posts\/4067\/revisions"}],"predecessor-version":[{"id":4074,"href":"https:\/\/www.etoilesportivemontoise.fr\/tennis\/wp-json\/wp\/v2\/posts\/4067\/revisions\/4074"}],"wp:attachment":[{"href":"https:\/\/www.etoilesportivemontoise.fr\/tennis\/wp-json\/wp\/v2\/media?parent=4067"}],"wp:term":[{"taxonomy":"category","embeddable":true,"href":"https:\/\/www.etoilesportivemontoise.fr\/tennis\/wp-json\/wp\/v2\/categories?post=4067"},{"taxonomy":"post_tag","embeddable":true,"href":"https:\/\/www.etoilesportivemontoise.fr\/tennis\/wp-json\/wp\/v2\/tags?post=4067"}],"curies":[{"name":"wp","href":"https:\/\/api.w.org\/{rel}","templated":true}]}}