{"id":4092,"date":"2018-02-04T22:49:02","date_gmt":"2018-02-04T22:49:02","guid":{"rendered":"http:\/\/www.etoilesportivemontoise.fr\/tennis\/?p=4092"},"modified":"2024-03-24T17:23:57","modified_gmt":"2024-03-24T17:23:57","slug":"format-vert-a-lesm-tennis-03022018","status":"publish","type":"post","link":"https:\/\/www.etoilesportivemontoise.fr\/tennis\/2018\/02\/04\/format-vert-a-lesm-tennis-03022018\/","title":{"rendered":"Format VERT \u00e0 l&rsquo;ESM Tennis du 03\/02\/2018"},"content":{"rendered":"<p>Malgr\u00e9 ce temps ex\u00e9crable, tr\u00e8s belle apr\u00e8s-midi \u00e0 la Pouillique, bien que tr\u00e8s froide, pour ce tournoi Format VERT. Victoire de notre ami dacquois MAEL (qui aura 9 ans seulement en mars 2018) et qui rendait un an \u00e0 tous ses adversaires. Ca ne l&rsquo;a apparemment pas du tout g\u00ean\u00e9 d&rsquo;\u00eatre le plus jeune puisqu&rsquo;il n&rsquo;a pas laiss\u00e9 beaucoup de jeux \u00e0 ses adversaires. Merci \u00e0 Denis et Ludo pour avoir g\u00e9r\u00e9 cette apr\u00e8s-midi en tant qu&rsquo;Educateur\/Arbitre. RDV pour le format\u00a0ROUGE le samedi 10 Mars<\/p>\n<p><a href=\"http:\/\/www.etoilesportivemontoise.fr\/content\/uploads\/sites\/6\/2018\/02\/R\u00e9sultats-Format-VERT.png\"><img loading=\"lazy\" decoding=\"async\" class=\"alignnone size-medium wp-image-4093\" src=\"http:\/\/www.etoilesportivemontoise.fr\/content\/uploads\/sites\/6\/2018\/02\/R\u00e9sultats-Format-VERT-300x246.png\" alt=\"R\u00e9sultats Format VERT\" width=\"300\" height=\"246\" srcset=\"https:\/\/www.etoilesportivemontoise.fr\/content\/uploads\/sites\/6\/2018\/02\/R\u00e9sultats-Format-VERT-300x246.png 300w, https:\/\/www.etoilesportivemontoise.fr\/content\/uploads\/sites\/6\/2018\/02\/R\u00e9sultats-Format-VERT.png 571w\" sizes=\"auto, (max-width: 300px) 100vw, 300px\" \/><\/a><\/p>\n<p>&nbsp;<\/p>\n","protected":false},"excerpt":{"rendered":"<p>Malgr\u00e9 ce temps ex\u00e9crable, tr\u00e8s belle apr\u00e8s-midi \u00e0 la Pouillique, bien que tr\u00e8s froide, pour ce tournoi Format VERT. Victoire de notre ami dacquois MAEL (qui aura 9 ans seulement en mars 2018) et qui rendait un an \u00e0 tous ses adversaires. Ca ne l&rsquo;a&#8230;<\/p>\n","protected":false},"author":26,"featured_media":0,"comment_status":"closed","ping_status":"closed","sticky":false,"template":"","format":"standard","meta":{"footnotes":""},"categories":[35],"tags":[],"class_list":["post-4092","post","type-post","status-publish","format-standard","hentry","category-saison-20172018-resultats"],"yoast_head":"<!-- This site is optimized with the Yoast SEO plugin v27.3 - https:\/\/yoast.com\/product\/yoast-seo-wordpress\/ -->\n<title>Format VERT \u00e0 l&#039;ESM Tennis du 03\/02\/2018 - ESM Tennis<\/title>\n<meta name=\"robots\" content=\"index, follow, max-snippet:-1, max-image-preview:large, max-video-preview:-1\" \/>\n<link rel=\"canonical\" href=\"https:\/\/www.etoilesportivemontoise.fr\/tennis\/2018\/02\/04\/format-vert-a-lesm-tennis-03022018\/\" \/>\n<meta property=\"og:locale\" content=\"fr_FR\" \/>\n<meta property=\"og:type\" content=\"article\" \/>\n<meta property=\"og:title\" content=\"Format VERT \u00e0 l&#039;ESM Tennis du 03\/02\/2018 - ESM Tennis\" \/>\n<meta property=\"og:description\" content=\"Malgr\u00e9 ce temps ex\u00e9crable, tr\u00e8s belle apr\u00e8s-midi \u00e0 la Pouillique, bien que tr\u00e8s froide, pour ce tournoi Format VERT. Victoire de notre ami dacquois MAEL (qui aura 9 ans seulement en mars 2018) et qui rendait un an \u00e0 tous ses adversaires. Ca ne l&rsquo;a...\" \/>\n<meta property=\"og:url\" content=\"https:\/\/www.etoilesportivemontoise.fr\/tennis\/2018\/02\/04\/format-vert-a-lesm-tennis-03022018\/\" \/>\n<meta property=\"og:site_name\" content=\"ESM Tennis\" \/>\n<meta property=\"article:published_time\" content=\"2018-02-04T22:49:02+00:00\" \/>\n<meta property=\"article:modified_time\" content=\"2024-03-24T17:23:57+00:00\" \/>\n<meta name=\"author\" content=\"Etoile Sportive Montoise\" \/>\n<meta name=\"twitter:label1\" content=\"\u00c9crit par\" \/>\n\t<meta name=\"twitter:data1\" content=\"Etoile Sportive Montoise\" \/>\n<script type=\"application\/ld+json\" class=\"yoast-schema-graph\">{\"@context\":\"https:\\\/\\\/schema.org\",\"@graph\":[{\"@type\":\"Article\",\"@id\":\"https:\\\/\\\/www.etoilesportivemontoise.fr\\\/tennis\\\/2018\\\/02\\\/04\\\/format-vert-a-lesm-tennis-03022018\\\/#article\",\"isPartOf\":{\"@id\":\"https:\\\/\\\/www.etoilesportivemontoise.fr\\\/tennis\\\/2018\\\/02\\\/04\\\/format-vert-a-lesm-tennis-03022018\\\/\"},\"author\":{\"name\":\"Etoile Sportive Montoise\",\"@id\":\"https:\\\/\\\/www.etoilesportivemontoise.fr\\\/tennis\\\/#\\\/schema\\\/person\\\/086018f55be7afba6497239267808ac7\"},\"headline\":\"Format VERT \u00e0 l&rsquo;ESM Tennis du 03\\\/02\\\/2018\",\"datePublished\":\"2018-02-04T22:49:02+00:00\",\"dateModified\":\"2024-03-24T17:23:57+00:00\",\"mainEntityOfPage\":{\"@id\":\"https:\\\/\\\/www.etoilesportivemontoise.fr\\\/tennis\\\/2018\\\/02\\\/04\\\/format-vert-a-lesm-tennis-03022018\\\/\"},\"wordCount\":99,\"articleSection\":[\"Saison 2017\\\/2018\"],\"inLanguage\":\"fr-FR\"},{\"@type\":\"WebPage\",\"@id\":\"https:\\\/\\\/www.etoilesportivemontoise.fr\\\/tennis\\\/2018\\\/02\\\/04\\\/format-vert-a-lesm-tennis-03022018\\\/\",\"url\":\"https:\\\/\\\/www.etoilesportivemontoise.fr\\\/tennis\\\/2018\\\/02\\\/04\\\/format-vert-a-lesm-tennis-03022018\\\/\",\"name\":\"Format VERT \u00e0 l'ESM Tennis du 03\\\/02\\\/2018 - ESM Tennis\",\"isPartOf\":{\"@id\":\"https:\\\/\\\/www.etoilesportivemontoise.fr\\\/tennis\\\/#website\"},\"datePublished\":\"2018-02-04T22:49:02+00:00\",\"dateModified\":\"2024-03-24T17:23:57+00:00\",\"author\":{\"@id\":\"https:\\\/\\\/www.etoilesportivemontoise.fr\\\/tennis\\\/#\\\/schema\\\/person\\\/086018f55be7afba6497239267808ac7\"},\"breadcrumb\":{\"@id\":\"https:\\\/\\\/www.etoilesportivemontoise.fr\\\/tennis\\\/2018\\\/02\\\/04\\\/format-vert-a-lesm-tennis-03022018\\\/#breadcrumb\"},\"inLanguage\":\"fr-FR\",\"potentialAction\":[{\"@type\":\"ReadAction\",\"target\":[\"https:\\\/\\\/www.etoilesportivemontoise.fr\\\/tennis\\\/2018\\\/02\\\/04\\\/format-vert-a-lesm-tennis-03022018\\\/\"]}]},{\"@type\":\"BreadcrumbList\",\"@id\":\"https:\\\/\\\/www.etoilesportivemontoise.fr\\\/tennis\\\/2018\\\/02\\\/04\\\/format-vert-a-lesm-tennis-03022018\\\/#breadcrumb\",\"itemListElement\":[{\"@type\":\"ListItem\",\"position\":1,\"name\":\"Accueil\",\"item\":\"https:\\\/\\\/www.etoilesportivemontoise.fr\\\/tennis\\\/\"},{\"@type\":\"ListItem\",\"position\":2,\"name\":\"Format VERT \u00e0 l&rsquo;ESM Tennis du 03\\\/02\\\/2018\"}]},{\"@type\":\"WebSite\",\"@id\":\"https:\\\/\\\/www.etoilesportivemontoise.fr\\\/tennis\\\/#website\",\"url\":\"https:\\\/\\\/www.etoilesportivemontoise.fr\\\/tennis\\\/\",\"name\":\"ESM Tennis\",\"description\":\"Club Tennis Mont de Marsan\",\"potentialAction\":[{\"@type\":\"SearchAction\",\"target\":{\"@type\":\"EntryPoint\",\"urlTemplate\":\"https:\\\/\\\/www.etoilesportivemontoise.fr\\\/tennis\\\/?s={search_term_string}\"},\"query-input\":{\"@type\":\"PropertyValueSpecification\",\"valueRequired\":true,\"valueName\":\"search_term_string\"}}],\"inLanguage\":\"fr-FR\"},{\"@type\":\"Person\",\"@id\":\"https:\\\/\\\/www.etoilesportivemontoise.fr\\\/tennis\\\/#\\\/schema\\\/person\\\/086018f55be7afba6497239267808ac7\",\"name\":\"Etoile Sportive Montoise\",\"image\":{\"@type\":\"ImageObject\",\"inLanguage\":\"fr-FR\",\"@id\":\"https:\\\/\\\/secure.gravatar.com\\\/avatar\\\/d8bc9e65811140f45b582330fd33b5b51b3271be8ec53b6731b9baa947fd2274?s=96&d=mm&r=g\",\"url\":\"https:\\\/\\\/secure.gravatar.com\\\/avatar\\\/d8bc9e65811140f45b582330fd33b5b51b3271be8ec53b6731b9baa947fd2274?s=96&d=mm&r=g\",\"contentUrl\":\"https:\\\/\\\/secure.gravatar.com\\\/avatar\\\/d8bc9e65811140f45b582330fd33b5b51b3271be8ec53b6731b9baa947fd2274?s=96&d=mm&r=g\",\"caption\":\"Etoile Sportive Montoise\"},\"url\":\"https:\\\/\\\/www.etoilesportivemontoise.fr\\\/tennis\\\/aka\\\/f187ac93935e960922bc7af0b852b8ae6fd33f67\\\/\"}]}<\/script>\n<!-- \/ Yoast SEO plugin. -->","yoast_head_json":{"title":"Format VERT \u00e0 l'ESM Tennis du 03\/02\/2018 - ESM Tennis","robots":{"index":"index","follow":"follow","max-snippet":"max-snippet:-1","max-image-preview":"max-image-preview:large","max-video-preview":"max-video-preview:-1"},"canonical":"https:\/\/www.etoilesportivemontoise.fr\/tennis\/2018\/02\/04\/format-vert-a-lesm-tennis-03022018\/","og_locale":"fr_FR","og_type":"article","og_title":"Format VERT \u00e0 l'ESM Tennis du 03\/02\/2018 - ESM Tennis","og_description":"Malgr\u00e9 ce temps ex\u00e9crable, tr\u00e8s belle apr\u00e8s-midi \u00e0 la Pouillique, bien que tr\u00e8s froide, pour ce tournoi Format VERT. Victoire de notre ami dacquois MAEL (qui aura 9 ans seulement en mars 2018) et qui rendait un an \u00e0 tous ses adversaires. Ca ne l&rsquo;a...","og_url":"https:\/\/www.etoilesportivemontoise.fr\/tennis\/2018\/02\/04\/format-vert-a-lesm-tennis-03022018\/","og_site_name":"ESM Tennis","article_published_time":"2018-02-04T22:49:02+00:00","article_modified_time":"2024-03-24T17:23:57+00:00","author":"Etoile Sportive Montoise","twitter_misc":{"\u00c9crit par":"Etoile Sportive Montoise"},"schema":{"@context":"https:\/\/schema.org","@graph":[{"@type":"Article","@id":"https:\/\/www.etoilesportivemontoise.fr\/tennis\/2018\/02\/04\/format-vert-a-lesm-tennis-03022018\/#article","isPartOf":{"@id":"https:\/\/www.etoilesportivemontoise.fr\/tennis\/2018\/02\/04\/format-vert-a-lesm-tennis-03022018\/"},"author":{"name":"Etoile Sportive Montoise","@id":"https:\/\/www.etoilesportivemontoise.fr\/tennis\/#\/schema\/person\/086018f55be7afba6497239267808ac7"},"headline":"Format VERT \u00e0 l&rsquo;ESM Tennis du 03\/02\/2018","datePublished":"2018-02-04T22:49:02+00:00","dateModified":"2024-03-24T17:23:57+00:00","mainEntityOfPage":{"@id":"https:\/\/www.etoilesportivemontoise.fr\/tennis\/2018\/02\/04\/format-vert-a-lesm-tennis-03022018\/"},"wordCount":99,"articleSection":["Saison 2017\/2018"],"inLanguage":"fr-FR"},{"@type":"WebPage","@id":"https:\/\/www.etoilesportivemontoise.fr\/tennis\/2018\/02\/04\/format-vert-a-lesm-tennis-03022018\/","url":"https:\/\/www.etoilesportivemontoise.fr\/tennis\/2018\/02\/04\/format-vert-a-lesm-tennis-03022018\/","name":"Format VERT \u00e0 l'ESM Tennis du 03\/02\/2018 - ESM Tennis","isPartOf":{"@id":"https:\/\/www.etoilesportivemontoise.fr\/tennis\/#website"},"datePublished":"2018-02-04T22:49:02+00:00","dateModified":"2024-03-24T17:23:57+00:00","author":{"@id":"https:\/\/www.etoilesportivemontoise.fr\/tennis\/#\/schema\/person\/086018f55be7afba6497239267808ac7"},"breadcrumb":{"@id":"https:\/\/www.etoilesportivemontoise.fr\/tennis\/2018\/02\/04\/format-vert-a-lesm-tennis-03022018\/#breadcrumb"},"inLanguage":"fr-FR","potentialAction":[{"@type":"ReadAction","target":["https:\/\/www.etoilesportivemontoise.fr\/tennis\/2018\/02\/04\/format-vert-a-lesm-tennis-03022018\/"]}]},{"@type":"BreadcrumbList","@id":"https:\/\/www.etoilesportivemontoise.fr\/tennis\/2018\/02\/04\/format-vert-a-lesm-tennis-03022018\/#breadcrumb","itemListElement":[{"@type":"ListItem","position":1,"name":"Accueil","item":"https:\/\/www.etoilesportivemontoise.fr\/tennis\/"},{"@type":"ListItem","position":2,"name":"Format VERT \u00e0 l&rsquo;ESM Tennis du 03\/02\/2018"}]},{"@type":"WebSite","@id":"https:\/\/www.etoilesportivemontoise.fr\/tennis\/#website","url":"https:\/\/www.etoilesportivemontoise.fr\/tennis\/","name":"ESM Tennis","description":"Club Tennis Mont de Marsan","potentialAction":[{"@type":"SearchAction","target":{"@type":"EntryPoint","urlTemplate":"https:\/\/www.etoilesportivemontoise.fr\/tennis\/?s={search_term_string}"},"query-input":{"@type":"PropertyValueSpecification","valueRequired":true,"valueName":"search_term_string"}}],"inLanguage":"fr-FR"},{"@type":"Person","@id":"https:\/\/www.etoilesportivemontoise.fr\/tennis\/#\/schema\/person\/086018f55be7afba6497239267808ac7","name":"Etoile Sportive Montoise","image":{"@type":"ImageObject","inLanguage":"fr-FR","@id":"https:\/\/secure.gravatar.com\/avatar\/d8bc9e65811140f45b582330fd33b5b51b3271be8ec53b6731b9baa947fd2274?s=96&d=mm&r=g","url":"https:\/\/secure.gravatar.com\/avatar\/d8bc9e65811140f45b582330fd33b5b51b3271be8ec53b6731b9baa947fd2274?s=96&d=mm&r=g","contentUrl":"https:\/\/secure.gravatar.com\/avatar\/d8bc9e65811140f45b582330fd33b5b51b3271be8ec53b6731b9baa947fd2274?s=96&d=mm&r=g","caption":"Etoile Sportive Montoise"},"url":"https:\/\/www.etoilesportivemontoise.fr\/tennis\/aka\/f187ac93935e960922bc7af0b852b8ae6fd33f67\/"}]}},"_links":{"self":[{"href":"https:\/\/www.etoilesportivemontoise.fr\/tennis\/wp-json\/wp\/v2\/posts\/4092","targetHints":{"allow":["GET"]}}],"collection":[{"href":"https:\/\/www.etoilesportivemontoise.fr\/tennis\/wp-json\/wp\/v2\/posts"}],"about":[{"href":"https:\/\/www.etoilesportivemontoise.fr\/tennis\/wp-json\/wp\/v2\/types\/post"}],"author":[{"embeddable":true,"href":"https:\/\/www.etoilesportivemontoise.fr\/tennis\/wp-json\/wp\/v2\/users\/26"}],"replies":[{"embeddable":true,"href":"https:\/\/www.etoilesportivemontoise.fr\/tennis\/wp-json\/wp\/v2\/comments?post=4092"}],"version-history":[{"count":1,"href":"https:\/\/www.etoilesportivemontoise.fr\/tennis\/wp-json\/wp\/v2\/posts\/4092\/revisions"}],"predecessor-version":[{"id":4094,"href":"https:\/\/www.etoilesportivemontoise.fr\/tennis\/wp-json\/wp\/v2\/posts\/4092\/revisions\/4094"}],"wp:attachment":[{"href":"https:\/\/www.etoilesportivemontoise.fr\/tennis\/wp-json\/wp\/v2\/media?parent=4092"}],"wp:term":[{"taxonomy":"category","embeddable":true,"href":"https:\/\/www.etoilesportivemontoise.fr\/tennis\/wp-json\/wp\/v2\/categories?post=4092"},{"taxonomy":"post_tag","embeddable":true,"href":"https:\/\/www.etoilesportivemontoise.fr\/tennis\/wp-json\/wp\/v2\/tags?post=4092"}],"curies":[{"name":"wp","href":"https:\/\/api.w.org\/{rel}","templated":true}]}}