{"id":4386,"date":"2025-02-17T22:59:53","date_gmt":"2025-02-17T22:59:53","guid":{"rendered":"https:\/\/www.etoilesportivemontoise.fr\/tennis\/?p=4386"},"modified":"2025-02-17T23:14:31","modified_gmt":"2025-02-17T23:14:31","slug":"vide-greniers-2025","status":"publish","type":"post","link":"https:\/\/www.etoilesportivemontoise.fr\/tennis\/2025\/02\/17\/vide-greniers-2025\/","title":{"rendered":"Vide greniers 2025"},"content":{"rendered":"<section class=\"wpb-content-wrapper\">[vc_row row_type=\u00a0\u00bbrow\u00a0\u00bb text_align=\u00a0\u00bbleft\u00a0\u00bb css_animation=\u00a0\u00bb\u00a0\u00bb][vc_column][vc_column_text][\/vc_column_text][vc_column_text]\n<p style=\"text-align: center\"><a href=\"https:\/\/www.etoilesportivemontoise.fr\/content\/uploads\/sites\/6\/2025\/02\/Vide-greniers-2025.jpg\"><img loading=\"lazy\" decoding=\"async\" class=\" wp-image-4387 alignleft\" src=\"https:\/\/www.etoilesportivemontoise.fr\/content\/uploads\/sites\/6\/2025\/02\/Vide-greniers-2025-212x300.jpg\" alt=\"\" width=\"261\" height=\"369\" srcset=\"https:\/\/www.etoilesportivemontoise.fr\/content\/uploads\/sites\/6\/2025\/02\/Vide-greniers-2025-212x300.jpg 212w, https:\/\/www.etoilesportivemontoise.fr\/content\/uploads\/sites\/6\/2025\/02\/Vide-greniers-2025-723x1024.jpg 723w, https:\/\/www.etoilesportivemontoise.fr\/content\/uploads\/sites\/6\/2025\/02\/Vide-greniers-2025-768x1087.jpg 768w, https:\/\/www.etoilesportivemontoise.fr\/content\/uploads\/sites\/6\/2025\/02\/Vide-greniers-2025-1085x1536.jpg 1085w, https:\/\/www.etoilesportivemontoise.fr\/content\/uploads\/sites\/6\/2025\/02\/Vide-greniers-2025.jpg 1130w\" sizes=\"auto, (max-width: 261px) 100vw, 261px\" \/><\/a><\/p>\n[\/vc_column_text][\/vc_column][\/vc_row]\n<\/section>","protected":false},"excerpt":{"rendered":"<p>[vc_row row_type=\u00a0\u00bbrow\u00a0\u00bb text_align=\u00a0\u00bbleft\u00a0\u00bb css_animation=\u00a0\u00bb\u00a0\u00bb][vc_column][vc_column_text][\/vc_column_text][vc_column_text] [\/vc_column_text][\/vc_column][\/vc_row]<\/p>\n","protected":false},"author":34,"featured_media":0,"comment_status":"closed","ping_status":"closed","sticky":true,"template":"","format":"standard","meta":{"footnotes":""},"categories":[3,5],"tags":[],"class_list":["post-4386","post","type-post","status-publish","format-standard","hentry","category-actualites","category-evenements"],"yoast_head":"<!-- This site is optimized with the Yoast SEO plugin v27.3 - https:\/\/yoast.com\/product\/yoast-seo-wordpress\/ -->\n<title>Vide greniers 2025 - ESM Tennis<\/title>\n<meta name=\"robots\" content=\"index, follow, max-snippet:-1, max-image-preview:large, max-video-preview:-1\" \/>\n<link rel=\"canonical\" href=\"https:\/\/www.etoilesportivemontoise.fr\/tennis\/2025\/02\/17\/vide-greniers-2025\/\" \/>\n<meta property=\"og:locale\" content=\"fr_FR\" \/>\n<meta property=\"og:type\" content=\"article\" \/>\n<meta property=\"og:title\" content=\"Vide greniers 2025 - ESM Tennis\" \/>\n<meta property=\"og:description\" content=\"[vc_row row_type=\u00a0\u00bbrow\u00a0\u00bb text_align=\u00a0\u00bbleft\u00a0\u00bb css_animation=\u00a0\u00bb\u00a0\u00bb][vc_column][vc_column_text][\/vc_column_text][vc_column_text] [\/vc_column_text][\/vc_column][\/vc_row]\" \/>\n<meta property=\"og:url\" content=\"https:\/\/www.etoilesportivemontoise.fr\/tennis\/2025\/02\/17\/vide-greniers-2025\/\" \/>\n<meta property=\"og:site_name\" content=\"ESM Tennis\" \/>\n<meta property=\"article:published_time\" content=\"2025-02-17T22:59:53+00:00\" \/>\n<meta property=\"article:modified_time\" content=\"2025-02-17T23:14:31+00:00\" \/>\n<meta property=\"og:image\" content=\"https:\/\/www.etoilesportivemontoise.fr\/content\/uploads\/sites\/6\/2025\/02\/Vide-greniers-2025-212x300.jpg\" \/>\n<meta name=\"author\" content=\"igalbert\" \/>\n<meta name=\"twitter:label1\" content=\"\u00c9crit par\" \/>\n\t<meta name=\"twitter:data1\" content=\"igalbert\" \/>\n\t<meta name=\"twitter:label2\" content=\"Dur\u00e9e de lecture estim\u00e9e\" \/>\n\t<meta name=\"twitter:data2\" content=\"1 minute\" \/>\n<script type=\"application\/ld+json\" class=\"yoast-schema-graph\">{\"@context\":\"https:\\\/\\\/schema.org\",\"@graph\":[{\"@type\":\"Article\",\"@id\":\"https:\\\/\\\/www.etoilesportivemontoise.fr\\\/tennis\\\/2025\\\/02\\\/17\\\/vide-greniers-2025\\\/#article\",\"isPartOf\":{\"@id\":\"https:\\\/\\\/www.etoilesportivemontoise.fr\\\/tennis\\\/2025\\\/02\\\/17\\\/vide-greniers-2025\\\/\"},\"author\":{\"name\":\"igalbert\",\"@id\":\"https:\\\/\\\/www.etoilesportivemontoise.fr\\\/tennis\\\/#\\\/schema\\\/person\\\/82cc9cea68341d9c6277ecac29aa045d\"},\"headline\":\"Vide greniers 2025\",\"datePublished\":\"2025-02-17T22:59:53+00:00\",\"dateModified\":\"2025-02-17T23:14:31+00:00\",\"mainEntityOfPage\":{\"@id\":\"https:\\\/\\\/www.etoilesportivemontoise.fr\\\/tennis\\\/2025\\\/02\\\/17\\\/vide-greniers-2025\\\/\"},\"wordCount\":30,\"image\":{\"@id\":\"https:\\\/\\\/www.etoilesportivemontoise.fr\\\/tennis\\\/2025\\\/02\\\/17\\\/vide-greniers-2025\\\/#primaryimage\"},\"thumbnailUrl\":\"https:\\\/\\\/www.etoilesportivemontoise.fr\\\/content\\\/uploads\\\/sites\\\/6\\\/2025\\\/02\\\/Vide-greniers-2025-212x300.jpg\",\"articleSection\":[\"Actualit\u00e9s\",\"\u00c9v\u00e8nements\"],\"inLanguage\":\"fr-FR\"},{\"@type\":\"WebPage\",\"@id\":\"https:\\\/\\\/www.etoilesportivemontoise.fr\\\/tennis\\\/2025\\\/02\\\/17\\\/vide-greniers-2025\\\/\",\"url\":\"https:\\\/\\\/www.etoilesportivemontoise.fr\\\/tennis\\\/2025\\\/02\\\/17\\\/vide-greniers-2025\\\/\",\"name\":\"Vide greniers 2025 - ESM Tennis\",\"isPartOf\":{\"@id\":\"https:\\\/\\\/www.etoilesportivemontoise.fr\\\/tennis\\\/#website\"},\"primaryImageOfPage\":{\"@id\":\"https:\\\/\\\/www.etoilesportivemontoise.fr\\\/tennis\\\/2025\\\/02\\\/17\\\/vide-greniers-2025\\\/#primaryimage\"},\"image\":{\"@id\":\"https:\\\/\\\/www.etoilesportivemontoise.fr\\\/tennis\\\/2025\\\/02\\\/17\\\/vide-greniers-2025\\\/#primaryimage\"},\"thumbnailUrl\":\"https:\\\/\\\/www.etoilesportivemontoise.fr\\\/content\\\/uploads\\\/sites\\\/6\\\/2025\\\/02\\\/Vide-greniers-2025-212x300.jpg\",\"datePublished\":\"2025-02-17T22:59:53+00:00\",\"dateModified\":\"2025-02-17T23:14:31+00:00\",\"author\":{\"@id\":\"https:\\\/\\\/www.etoilesportivemontoise.fr\\\/tennis\\\/#\\\/schema\\\/person\\\/82cc9cea68341d9c6277ecac29aa045d\"},\"breadcrumb\":{\"@id\":\"https:\\\/\\\/www.etoilesportivemontoise.fr\\\/tennis\\\/2025\\\/02\\\/17\\\/vide-greniers-2025\\\/#breadcrumb\"},\"inLanguage\":\"fr-FR\",\"potentialAction\":[{\"@type\":\"ReadAction\",\"target\":[\"https:\\\/\\\/www.etoilesportivemontoise.fr\\\/tennis\\\/2025\\\/02\\\/17\\\/vide-greniers-2025\\\/\"]}]},{\"@type\":\"ImageObject\",\"inLanguage\":\"fr-FR\",\"@id\":\"https:\\\/\\\/www.etoilesportivemontoise.fr\\\/tennis\\\/2025\\\/02\\\/17\\\/vide-greniers-2025\\\/#primaryimage\",\"url\":\"https:\\\/\\\/www.etoilesportivemontoise.fr\\\/content\\\/uploads\\\/sites\\\/6\\\/2025\\\/02\\\/Vide-greniers-2025-212x300.jpg\",\"contentUrl\":\"https:\\\/\\\/www.etoilesportivemontoise.fr\\\/content\\\/uploads\\\/sites\\\/6\\\/2025\\\/02\\\/Vide-greniers-2025-212x300.jpg\"},{\"@type\":\"BreadcrumbList\",\"@id\":\"https:\\\/\\\/www.etoilesportivemontoise.fr\\\/tennis\\\/2025\\\/02\\\/17\\\/vide-greniers-2025\\\/#breadcrumb\",\"itemListElement\":[{\"@type\":\"ListItem\",\"position\":1,\"name\":\"Accueil\",\"item\":\"https:\\\/\\\/www.etoilesportivemontoise.fr\\\/tennis\\\/\"},{\"@type\":\"ListItem\",\"position\":2,\"name\":\"Vide greniers 2025\"}]},{\"@type\":\"WebSite\",\"@id\":\"https:\\\/\\\/www.etoilesportivemontoise.fr\\\/tennis\\\/#website\",\"url\":\"https:\\\/\\\/www.etoilesportivemontoise.fr\\\/tennis\\\/\",\"name\":\"ESM Tennis\",\"description\":\"Club Tennis Mont de Marsan\",\"potentialAction\":[{\"@type\":\"SearchAction\",\"target\":{\"@type\":\"EntryPoint\",\"urlTemplate\":\"https:\\\/\\\/www.etoilesportivemontoise.fr\\\/tennis\\\/?s={search_term_string}\"},\"query-input\":{\"@type\":\"PropertyValueSpecification\",\"valueRequired\":true,\"valueName\":\"search_term_string\"}}],\"inLanguage\":\"fr-FR\"},{\"@type\":\"Person\",\"@id\":\"https:\\\/\\\/www.etoilesportivemontoise.fr\\\/tennis\\\/#\\\/schema\\\/person\\\/82cc9cea68341d9c6277ecac29aa045d\",\"name\":\"igalbert\",\"image\":{\"@type\":\"ImageObject\",\"inLanguage\":\"fr-FR\",\"@id\":\"https:\\\/\\\/secure.gravatar.com\\\/avatar\\\/b2a0cf9029c1c5de50bbf248823732af2eccceb4235a2dd5665a22c2f8f4f5d3?s=96&d=mm&r=g\",\"url\":\"https:\\\/\\\/secure.gravatar.com\\\/avatar\\\/b2a0cf9029c1c5de50bbf248823732af2eccceb4235a2dd5665a22c2f8f4f5d3?s=96&d=mm&r=g\",\"contentUrl\":\"https:\\\/\\\/secure.gravatar.com\\\/avatar\\\/b2a0cf9029c1c5de50bbf248823732af2eccceb4235a2dd5665a22c2f8f4f5d3?s=96&d=mm&r=g\",\"caption\":\"igalbert\"},\"url\":\"https:\\\/\\\/www.etoilesportivemontoise.fr\\\/tennis\\\/aka\\\/ab2cb9237a83eda3c74cb8e8abf1aab06a8836a2\\\/\"}]}<\/script>\n<!-- \/ Yoast SEO plugin. -->","yoast_head_json":{"title":"Vide greniers 2025 - ESM Tennis","robots":{"index":"index","follow":"follow","max-snippet":"max-snippet:-1","max-image-preview":"max-image-preview:large","max-video-preview":"max-video-preview:-1"},"canonical":"https:\/\/www.etoilesportivemontoise.fr\/tennis\/2025\/02\/17\/vide-greniers-2025\/","og_locale":"fr_FR","og_type":"article","og_title":"Vide greniers 2025 - ESM Tennis","og_description":"[vc_row row_type=\u00a0\u00bbrow\u00a0\u00bb text_align=\u00a0\u00bbleft\u00a0\u00bb css_animation=\u00a0\u00bb\u00a0\u00bb][vc_column][vc_column_text][\/vc_column_text][vc_column_text] [\/vc_column_text][\/vc_column][\/vc_row]","og_url":"https:\/\/www.etoilesportivemontoise.fr\/tennis\/2025\/02\/17\/vide-greniers-2025\/","og_site_name":"ESM Tennis","article_published_time":"2025-02-17T22:59:53+00:00","article_modified_time":"2025-02-17T23:14:31+00:00","og_image":[{"url":"https:\/\/www.etoilesportivemontoise.fr\/content\/uploads\/sites\/6\/2025\/02\/Vide-greniers-2025-212x300.jpg","type":"","width":"","height":""}],"author":"igalbert","twitter_misc":{"\u00c9crit par":"igalbert","Dur\u00e9e de lecture estim\u00e9e":"1 minute"},"schema":{"@context":"https:\/\/schema.org","@graph":[{"@type":"Article","@id":"https:\/\/www.etoilesportivemontoise.fr\/tennis\/2025\/02\/17\/vide-greniers-2025\/#article","isPartOf":{"@id":"https:\/\/www.etoilesportivemontoise.fr\/tennis\/2025\/02\/17\/vide-greniers-2025\/"},"author":{"name":"igalbert","@id":"https:\/\/www.etoilesportivemontoise.fr\/tennis\/#\/schema\/person\/82cc9cea68341d9c6277ecac29aa045d"},"headline":"Vide greniers 2025","datePublished":"2025-02-17T22:59:53+00:00","dateModified":"2025-02-17T23:14:31+00:00","mainEntityOfPage":{"@id":"https:\/\/www.etoilesportivemontoise.fr\/tennis\/2025\/02\/17\/vide-greniers-2025\/"},"wordCount":30,"image":{"@id":"https:\/\/www.etoilesportivemontoise.fr\/tennis\/2025\/02\/17\/vide-greniers-2025\/#primaryimage"},"thumbnailUrl":"https:\/\/www.etoilesportivemontoise.fr\/content\/uploads\/sites\/6\/2025\/02\/Vide-greniers-2025-212x300.jpg","articleSection":["Actualit\u00e9s","\u00c9v\u00e8nements"],"inLanguage":"fr-FR"},{"@type":"WebPage","@id":"https:\/\/www.etoilesportivemontoise.fr\/tennis\/2025\/02\/17\/vide-greniers-2025\/","url":"https:\/\/www.etoilesportivemontoise.fr\/tennis\/2025\/02\/17\/vide-greniers-2025\/","name":"Vide greniers 2025 - ESM Tennis","isPartOf":{"@id":"https:\/\/www.etoilesportivemontoise.fr\/tennis\/#website"},"primaryImageOfPage":{"@id":"https:\/\/www.etoilesportivemontoise.fr\/tennis\/2025\/02\/17\/vide-greniers-2025\/#primaryimage"},"image":{"@id":"https:\/\/www.etoilesportivemontoise.fr\/tennis\/2025\/02\/17\/vide-greniers-2025\/#primaryimage"},"thumbnailUrl":"https:\/\/www.etoilesportivemontoise.fr\/content\/uploads\/sites\/6\/2025\/02\/Vide-greniers-2025-212x300.jpg","datePublished":"2025-02-17T22:59:53+00:00","dateModified":"2025-02-17T23:14:31+00:00","author":{"@id":"https:\/\/www.etoilesportivemontoise.fr\/tennis\/#\/schema\/person\/82cc9cea68341d9c6277ecac29aa045d"},"breadcrumb":{"@id":"https:\/\/www.etoilesportivemontoise.fr\/tennis\/2025\/02\/17\/vide-greniers-2025\/#breadcrumb"},"inLanguage":"fr-FR","potentialAction":[{"@type":"ReadAction","target":["https:\/\/www.etoilesportivemontoise.fr\/tennis\/2025\/02\/17\/vide-greniers-2025\/"]}]},{"@type":"ImageObject","inLanguage":"fr-FR","@id":"https:\/\/www.etoilesportivemontoise.fr\/tennis\/2025\/02\/17\/vide-greniers-2025\/#primaryimage","url":"https:\/\/www.etoilesportivemontoise.fr\/content\/uploads\/sites\/6\/2025\/02\/Vide-greniers-2025-212x300.jpg","contentUrl":"https:\/\/www.etoilesportivemontoise.fr\/content\/uploads\/sites\/6\/2025\/02\/Vide-greniers-2025-212x300.jpg"},{"@type":"BreadcrumbList","@id":"https:\/\/www.etoilesportivemontoise.fr\/tennis\/2025\/02\/17\/vide-greniers-2025\/#breadcrumb","itemListElement":[{"@type":"ListItem","position":1,"name":"Accueil","item":"https:\/\/www.etoilesportivemontoise.fr\/tennis\/"},{"@type":"ListItem","position":2,"name":"Vide greniers 2025"}]},{"@type":"WebSite","@id":"https:\/\/www.etoilesportivemontoise.fr\/tennis\/#website","url":"https:\/\/www.etoilesportivemontoise.fr\/tennis\/","name":"ESM Tennis","description":"Club Tennis Mont de Marsan","potentialAction":[{"@type":"SearchAction","target":{"@type":"EntryPoint","urlTemplate":"https:\/\/www.etoilesportivemontoise.fr\/tennis\/?s={search_term_string}"},"query-input":{"@type":"PropertyValueSpecification","valueRequired":true,"valueName":"search_term_string"}}],"inLanguage":"fr-FR"},{"@type":"Person","@id":"https:\/\/www.etoilesportivemontoise.fr\/tennis\/#\/schema\/person\/82cc9cea68341d9c6277ecac29aa045d","name":"igalbert","image":{"@type":"ImageObject","inLanguage":"fr-FR","@id":"https:\/\/secure.gravatar.com\/avatar\/b2a0cf9029c1c5de50bbf248823732af2eccceb4235a2dd5665a22c2f8f4f5d3?s=96&d=mm&r=g","url":"https:\/\/secure.gravatar.com\/avatar\/b2a0cf9029c1c5de50bbf248823732af2eccceb4235a2dd5665a22c2f8f4f5d3?s=96&d=mm&r=g","contentUrl":"https:\/\/secure.gravatar.com\/avatar\/b2a0cf9029c1c5de50bbf248823732af2eccceb4235a2dd5665a22c2f8f4f5d3?s=96&d=mm&r=g","caption":"igalbert"},"url":"https:\/\/www.etoilesportivemontoise.fr\/tennis\/aka\/ab2cb9237a83eda3c74cb8e8abf1aab06a8836a2\/"}]}},"_links":{"self":[{"href":"https:\/\/www.etoilesportivemontoise.fr\/tennis\/wp-json\/wp\/v2\/posts\/4386","targetHints":{"allow":["GET"]}}],"collection":[{"href":"https:\/\/www.etoilesportivemontoise.fr\/tennis\/wp-json\/wp\/v2\/posts"}],"about":[{"href":"https:\/\/www.etoilesportivemontoise.fr\/tennis\/wp-json\/wp\/v2\/types\/post"}],"author":[{"embeddable":true,"href":"https:\/\/www.etoilesportivemontoise.fr\/tennis\/wp-json\/wp\/v2\/users\/34"}],"replies":[{"embeddable":true,"href":"https:\/\/www.etoilesportivemontoise.fr\/tennis\/wp-json\/wp\/v2\/comments?post=4386"}],"version-history":[{"count":5,"href":"https:\/\/www.etoilesportivemontoise.fr\/tennis\/wp-json\/wp\/v2\/posts\/4386\/revisions"}],"predecessor-version":[{"id":4392,"href":"https:\/\/www.etoilesportivemontoise.fr\/tennis\/wp-json\/wp\/v2\/posts\/4386\/revisions\/4392"}],"wp:attachment":[{"href":"https:\/\/www.etoilesportivemontoise.fr\/tennis\/wp-json\/wp\/v2\/media?parent=4386"}],"wp:term":[{"taxonomy":"category","embeddable":true,"href":"https:\/\/www.etoilesportivemontoise.fr\/tennis\/wp-json\/wp\/v2\/categories?post=4386"},{"taxonomy":"post_tag","embeddable":true,"href":"https:\/\/www.etoilesportivemontoise.fr\/tennis\/wp-json\/wp\/v2\/tags?post=4386"}],"curies":[{"name":"wp","href":"https:\/\/api.w.org\/{rel}","templated":true}]}}